{"id":87452,"date":"2026-02-13T12:34:51","date_gmt":"2026-02-13T09:34:51","guid":{"rendered":"https:\/\/www.egemtv.com\/?p=87452"},"modified":"2026-02-13T12:34:52","modified_gmt":"2026-02-13T09:34:52","slug":"sultanhisarda-hos-geldin-ya-sehri-ramazan-temali-program-duzenlendi","status":"publish","type":"post","link":"https:\/\/www.egemtv.com\/?p=87452","title":{"rendered":"Sultanhisar\u2019da \u2019Ho\u015f Geldin Ya \u015eehri Ramazan&#8221; temal\u0131 program d\u00fczenlendi"},"content":{"rendered":"<p>Sultanhisar \u0130l\u00e7e M\u00fcft\u00fcl\u00fc\u011f\u00fc taraf\u0131ndan d\u00fczenlenen \u2019Ho\u015f Geldin Ya \u015eehri Ramazan&#8221; temal\u0131 Kur\u2019an-\u0131 Kerim ziyafeti ve Tasavvuf Musikisi program\u0131 kat\u0131l\u0131mc\u0131lar\u0131 mest etti.<\/p>\n<p>At\u00e7a Mahallesi Saitefendi Camii \u0130mam Hatibi \u00d6mer Semirgin\u2019in Kur\u2019an-\u0131 Kerim tilavetiyle ba\u015flayan programda a\u00e7\u0131l\u0131\u015f konu\u015fmas\u0131n\u0131 Sultanhisar \u0130l\u00e7e M\u00fcft\u00fcs\u00fc Yakup \u015eener ger\u00e7ekle\u015ftirdi. M\u00fcft\u00fc \u015eener, &#8220;Ramazan-\u0131 \u015eerif, kalplerimizi Kur\u2019an\u2019\u0131n nuruyla y\u0131kad\u0131\u011f\u0131m\u0131z, karde\u015fli\u011fimizi peki\u015ftirdi\u011fimiz bir ar\u0131nma mevsimidir. Bu gece burada y\u00fckselen her bir ayet, Ramazan\u2019\u0131n bereketine a\u00e7\u0131lan birer kap\u0131d\u0131r&#8221; s\u00f6zleriyle gecenin \u00f6nemini ifade etti.<\/p>\n<p>Program Kur\u2019an-\u0131 Kerim\u2019i G\u00fczel Okuma D\u00fcnya \u00dc\u00e7\u00fcnc\u00fcs\u00fc Ahmet Y\u00fcksel\u2019in Kuran-\u0131Kerim okumas\u0131yla devam etti. Etkinlikte ayr\u0131ca Kadim Sesler Tasavvuf Musikisi Grubu\u2019nun seslendirdi\u011fi eserler de b\u00fcy\u00fck be\u011feni toplad\u0131. Program, M\u00fcft\u00fc Yakup \u015eener\u2019in yapt\u0131\u011f\u0131 kapan\u0131\u015f duas\u0131n\u0131n ard\u0131ndan protokol \u00fcyelerinin hediye takdimiyle sona erdi.<\/p>\n<p>Programa; Sultanhisar Kaymakam\u0131 Ali Ekber Ate\u015f, Belediye Ba\u015fkan\u0131 Osman Y\u0131ld\u0131r\u0131mkaya, Belediye Ba\u015fkan Yard\u0131mc\u0131s\u0131 Okan Yal\u00e7\u0131nkaya, Tapu M\u00fcd\u00fcr\u00fc Ahmet Albay, Kuyucak \u0130l\u00e7e M\u00fcft\u00fcs\u00fc \u00d6mer Mercan, Yenipazar \u0130l\u00e7e M\u00fcft\u00fcs\u00fc Mehmet Emin Avc\u0131 ve Buharkent \u0130l\u00e7e M\u00fcft\u00fcs\u00fc \u0130smail Tarakl\u0131 kat\u0131ld\u0131.<br \/><\/p>\n","protected":false},"excerpt":{"rendered":"<p>Sultanhisar \u0130l\u00e7e M\u00fcft\u00fcl\u00fc\u011f\u00fc taraf\u0131ndan d\u00fczenlenen \u2019Ho\u015f Geldin Ya \u015eehri Ramazan&#8221; temal\u0131 Kur\u2019an-\u0131 Kerim ziyafeti ve Tasavvuf Musikisi program\u0131 kat\u0131l\u0131mc\u0131lar\u0131 mest etti. At\u00e7a Mahallesi Saitefendi Camii \u0130mam Hatibi \u00d6mer Semirgin\u2019in Kur\u2019an-\u0131 Kerim tilavetiyle ba\u015flayan programda a\u00e7\u0131l\u0131\u015f konu\u015fmas\u0131n\u0131 Sultanhisar \u0130l\u00e7e M\u00fcft\u00fcs\u00fc Yakup \u015eener ger\u00e7ekle\u015ftirdi. M\u00fcft\u00fc \u015eener, &#8220;Ramazan-\u0131 \u015eerif, kalplerimizi Kur\u2019an\u2019\u0131n nuruyla y\u0131kad\u0131\u011f\u0131m\u0131z, karde\u015fli\u011fimizi peki\u015ftirdi\u011fimiz bir ar\u0131nma mevsimidir&#8230;.<\/p>\n","protected":false},"author":1,"featured_media":87453,"comment_status":"open","ping_status":"open","sticky":false,"template":"","format":"standard","meta":{"_crdt_document":"","footnotes":""},"categories":[1],"tags":[],"class_list":["post-87452","post","type-post","status-publish","format-standard","has-post-thumbnail","hentry","category-guncel"],"_links":{"self":[{"href":"https:\/\/www.egemtv.com\/index.php?rest_route=\/wp\/v2\/posts\/87452","targetHints":{"allow":["GET"]}}],"collection":[{"href":"https:\/\/www.egemtv.com\/index.php?rest_route=\/wp\/v2\/posts"}],"about":[{"href":"https:\/\/www.egemtv.com\/index.php?rest_route=\/wp\/v2\/types\/post"}],"author":[{"embeddable":true,"href":"https:\/\/www.egemtv.com\/index.php?rest_route=\/wp\/v2\/users\/1"}],"replies":[{"embeddable":true,"href":"https:\/\/www.egemtv.com\/index.php?rest_route=%2Fwp%2Fv2%2Fcomments&post=87452"}],"version-history":[{"count":1,"href":"https:\/\/www.egemtv.com\/index.php?rest_route=\/wp\/v2\/posts\/87452\/revisions"}],"predecessor-version":[{"id":87454,"href":"https:\/\/www.egemtv.com\/index.php?rest_route=\/wp\/v2\/posts\/87452\/revisions\/87454"}],"wp:featuredmedia":[{"embeddable":true,"href":"https:\/\/www.egemtv.com\/index.php?rest_route=\/wp\/v2\/media\/87453"}],"wp:attachment":[{"href":"https:\/\/www.egemtv.com\/index.php?rest_route=%2Fwp%2Fv2%2Fmedia&parent=87452"}],"wp:term":[{"taxonomy":"category","embeddable":true,"href":"https:\/\/www.egemtv.com\/index.php?rest_route=%2Fwp%2Fv2%2Fcategories&post=87452"},{"taxonomy":"post_tag","embeddable":true,"href":"https:\/\/www.egemtv.com\/index.php?rest_route=%2Fwp%2Fv2%2Ftags&post=87452"}],"curies":[{"name":"wp","href":"https:\/\/api.w.org\/{rel}","templated":true}]}}