{"id":87449,"date":"2026-02-13T12:14:58","date_gmt":"2026-02-13T09:14:58","guid":{"rendered":"https:\/\/www.egemtv.com\/?p=87449"},"modified":"2026-02-13T12:14:59","modified_gmt":"2026-02-13T09:14:59","slug":"munazara-yarismalari-il-finali-basvurulari-basladi","status":"publish","type":"post","link":"https:\/\/www.egemtv.com\/?p=87449","title":{"rendered":"\u2018M\u00fcnazara Yar\u0131\u015fmalar\u0131\u2019 il finali ba\u015fvurular\u0131 ba\u015flad\u0131"},"content":{"rendered":"<p>Afyonkarahisar Gen\u00e7lik ve Spor \u0130l M\u00fcd\u00fcrl\u00fc\u011f\u00fcnden yap\u0131lan a\u00e7\u0131klamada \u2018M\u00fcnazara Yar\u0131\u015fmalar\u0131\u2019 il finali ba\u015fvurular\u0131n\u0131n ba\u015flad\u0131\u011f\u0131 belirtildi.<br \/>\n<br \/>Konuyla ilgili yap\u0131lan yaz\u0131l\u0131 a\u00e7\u0131klamada gen\u00e7lerin d\u00fc\u015f\u00fcnme, ifade etme ve savunma becerilerini geli\u015ftirmeyi ama\u00e7layan yar\u0131\u015fma, lise ve \u00fcniversite olmak \u00fczere iki ayr\u0131 kategoride ger\u00e7ekle\u015ftirilece\u011fi kaydedildi. A\u00e7\u0131klamada, &#8220;M\u00fcnazara Yar\u0131\u015fmas\u0131 lise grubu (13-17 ya\u015f) ve \u00fcniversite grubu (18-25 ya\u015f) olmak \u00fczere iki farkl\u0131 kategoride d\u00fczenlenecek olup, yar\u0131\u015fmalar parlamenter sistem format\u0131na g\u00f6re yap\u0131lacakt\u0131r. \u0130l finalinde ba\u015far\u0131l\u0131 olan ekipler, Afyonkarahisar\u2019\u0131 temsilen T\u00fcrkiye Finali\u2019ne kat\u0131lma hakk\u0131 elde edecektir.<br \/>\n<br \/>8-9 May\u0131s 2026 tarihlerinde Afyonkarahisar Gen\u00e7lik Merkezi\u2019nde ger\u00e7ekle\u015ftirilecek olan il finaline il\u00e7elerden kat\u0131lacak gen\u00e7lerimiz i\u00e7in ara\u00e7 deste\u011fi sa\u011flanacakt\u0131r.<br \/>\n<br \/>Yar\u0131\u015fmada dereceye giren tak\u0131mlara \u00e7e\u015fitli \u00f6d\u00fcller verilecektir. Birinci olan ekibin her bir \u00fcyesine bin 200 TL, ikinci olan ekibin her bir \u00fcyesine bin TL, \u00fc\u00e7\u00fcnc\u00fc olan ekibin her bir \u00fcyesine 800 TL ve d\u00f6rd\u00fcnc\u00fc olan ekibin her bir \u00fcyesine 600 TL hediye \u00e7eki takdim edilecektir. Tak\u0131mlar iki ki\u015fiden olu\u015fmaktad\u0131r. Ayr\u0131ca her iki kategoride de &#8220;En \u0130yi Konu\u015fmac\u0131&#8221; se\u00e7ilen yar\u0131\u015fmac\u0131ya 500 TL hediye \u00e7eki verilecektir&#8221; ifadelerine yer verildi.<br \/><\/p>\n","protected":false},"excerpt":{"rendered":"<p>Afyonkarahisar Gen\u00e7lik ve Spor \u0130l M\u00fcd\u00fcrl\u00fc\u011f\u00fcnden yap\u0131lan a\u00e7\u0131klamada \u2018M\u00fcnazara Yar\u0131\u015fmalar\u0131\u2019 il finali ba\u015fvurular\u0131n\u0131n ba\u015flad\u0131\u011f\u0131 belirtildi. Konuyla ilgili yap\u0131lan yaz\u0131l\u0131 a\u00e7\u0131klamada gen\u00e7lerin d\u00fc\u015f\u00fcnme, ifade etme ve savunma becerilerini geli\u015ftirmeyi ama\u00e7layan yar\u0131\u015fma, lise ve \u00fcniversite olmak \u00fczere iki ayr\u0131 kategoride ger\u00e7ekle\u015ftirilece\u011fi kaydedildi. A\u00e7\u0131klamada, &#8220;M\u00fcnazara Yar\u0131\u015fmas\u0131 lise grubu (13-17 ya\u015f) ve \u00fcniversite grubu (18-25 ya\u015f) olmak \u00fczere iki&#8230;<\/p>\n","protected":false},"author":1,"featured_media":87450,"comment_status":"open","ping_status":"open","sticky":false,"template":"","format":"standard","meta":{"_crdt_document":"","footnotes":""},"categories":[1],"tags":[],"class_list":["post-87449","post","type-post","status-publish","format-standard","has-post-thumbnail","hentry","category-guncel"],"_links":{"self":[{"href":"https:\/\/www.egemtv.com\/index.php?rest_route=\/wp\/v2\/posts\/87449","targetHints":{"allow":["GET"]}}],"collection":[{"href":"https:\/\/www.egemtv.com\/index.php?rest_route=\/wp\/v2\/posts"}],"about":[{"href":"https:\/\/www.egemtv.com\/index.php?rest_route=\/wp\/v2\/types\/post"}],"author":[{"embeddable":true,"href":"https:\/\/www.egemtv.com\/index.php?rest_route=\/wp\/v2\/users\/1"}],"replies":[{"embeddable":true,"href":"https:\/\/www.egemtv.com\/index.php?rest_route=%2Fwp%2Fv2%2Fcomments&post=87449"}],"version-history":[{"count":1,"href":"https:\/\/www.egemtv.com\/index.php?rest_route=\/wp\/v2\/posts\/87449\/revisions"}],"predecessor-version":[{"id":87451,"href":"https:\/\/www.egemtv.com\/index.php?rest_route=\/wp\/v2\/posts\/87449\/revisions\/87451"}],"wp:featuredmedia":[{"embeddable":true,"href":"https:\/\/www.egemtv.com\/index.php?rest_route=\/wp\/v2\/media\/87450"}],"wp:attachment":[{"href":"https:\/\/www.egemtv.com\/index.php?rest_route=%2Fwp%2Fv2%2Fmedia&parent=87449"}],"wp:term":[{"taxonomy":"category","embeddable":true,"href":"https:\/\/www.egemtv.com\/index.php?rest_route=%2Fwp%2Fv2%2Fcategories&post=87449"},{"taxonomy":"post_tag","embeddable":true,"href":"https:\/\/www.egemtv.com\/index.php?rest_route=%2Fwp%2Fv2%2Ftags&post=87449"}],"curies":[{"name":"wp","href":"https:\/\/api.w.org\/{rel}","templated":true}]}}