{"id":87446,"date":"2026-02-13T12:14:57","date_gmt":"2026-02-13T09:14:57","guid":{"rendered":"https:\/\/www.egemtv.com\/?p=87446"},"modified":"2026-02-13T12:14:58","modified_gmt":"2026-02-13T09:14:58","slug":"afyonkarahisarda-mesleki-egitim-degerlendirildi","status":"publish","type":"post","link":"https:\/\/www.egemtv.com\/?p=87446","title":{"rendered":"Afyonkarahisar\u2019da mesleki e\u011fitim de\u011ferlendirildi"},"content":{"rendered":"<p>Afyonkarahisar\u2019da Mesleki E\u011fitim \u0130\u015f Birli\u011fi Protokol\u00fc y\u00fcr\u00fct\u00fcme kurulu toplant\u0131s\u0131 ger\u00e7ekle\u015ftirildi.<br \/>\n<br \/>Toplant\u0131 \u0130l Milli E\u011fitim M\u00fcd\u00fcr\u00fc Mira\u00e7 S\u00fcnnetci ba\u015fkanl\u0131\u011f\u0131nda yap\u0131ld\u0131. Toplant\u0131ya Afyonkarahisar Ticaret ve Sanayi Odas\u0131 Ba\u015fkan\u0131 H\u00fcsn\u00fc Serteser, Ticaret Borsas\u0131 Ba\u015fkan Yard\u0131mc\u0131s\u0131 Orhan Olgun ile kurum yetkilileri kat\u0131ld\u0131. Toplant\u0131 da okulda a\u00e7\u0131lmas\u0131 planlanan alanlar\u0131n durumu ile \u00f6\u011fretmen normlar\u0131, alanlar\u0131n \u00f6\u011frenci durumu ve genel de\u011ferlendirmesi, okulun donat\u0131m durumunun g\u00f6r\u00fc\u015f\u00fclmesi, burslu \u00f6\u011frencilerin durumunun ve say\u0131s\u0131n\u0131n g\u00f6r\u00fc\u015f\u00fclmesi, \u00f6\u011frenci disiplin durumunun g\u00f6r\u00fc\u015f\u00fclmesi ve d\u00f6ner sermaye \u00e7al\u0131\u015fmalar\u0131n\u0131n de\u011ferlendirilmesi yap\u0131ld\u0131.<br \/><\/p>\n","protected":false},"excerpt":{"rendered":"<p>Afyonkarahisar\u2019da Mesleki E\u011fitim \u0130\u015f Birli\u011fi Protokol\u00fc y\u00fcr\u00fct\u00fcme kurulu toplant\u0131s\u0131 ger\u00e7ekle\u015ftirildi. Toplant\u0131 \u0130l Milli E\u011fitim M\u00fcd\u00fcr\u00fc Mira\u00e7 S\u00fcnnetci ba\u015fkanl\u0131\u011f\u0131nda yap\u0131ld\u0131. Toplant\u0131ya Afyonkarahisar Ticaret ve Sanayi Odas\u0131 Ba\u015fkan\u0131 H\u00fcsn\u00fc Serteser, Ticaret Borsas\u0131 Ba\u015fkan Yard\u0131mc\u0131s\u0131 Orhan Olgun ile kurum yetkilileri kat\u0131ld\u0131. Toplant\u0131 da okulda a\u00e7\u0131lmas\u0131 planlanan alanlar\u0131n durumu ile \u00f6\u011fretmen normlar\u0131, alanlar\u0131n \u00f6\u011frenci durumu ve genel de\u011ferlendirmesi, okulun&#8230;<\/p>\n","protected":false},"author":1,"featured_media":87447,"comment_status":"open","ping_status":"open","sticky":false,"template":"","format":"standard","meta":{"_crdt_document":"","footnotes":""},"categories":[1],"tags":[],"class_list":["post-87446","post","type-post","status-publish","format-standard","has-post-thumbnail","hentry","category-guncel"],"_links":{"self":[{"href":"https:\/\/www.egemtv.com\/index.php?rest_route=\/wp\/v2\/posts\/87446","targetHints":{"allow":["GET"]}}],"collection":[{"href":"https:\/\/www.egemtv.com\/index.php?rest_route=\/wp\/v2\/posts"}],"about":[{"href":"https:\/\/www.egemtv.com\/index.php?rest_route=\/wp\/v2\/types\/post"}],"author":[{"embeddable":true,"href":"https:\/\/www.egemtv.com\/index.php?rest_route=\/wp\/v2\/users\/1"}],"replies":[{"embeddable":true,"href":"https:\/\/www.egemtv.com\/index.php?rest_route=%2Fwp%2Fv2%2Fcomments&post=87446"}],"version-history":[{"count":1,"href":"https:\/\/www.egemtv.com\/index.php?rest_route=\/wp\/v2\/posts\/87446\/revisions"}],"predecessor-version":[{"id":87448,"href":"https:\/\/www.egemtv.com\/index.php?rest_route=\/wp\/v2\/posts\/87446\/revisions\/87448"}],"wp:featuredmedia":[{"embeddable":true,"href":"https:\/\/www.egemtv.com\/index.php?rest_route=\/wp\/v2\/media\/87447"}],"wp:attachment":[{"href":"https:\/\/www.egemtv.com\/index.php?rest_route=%2Fwp%2Fv2%2Fmedia&parent=87446"}],"wp:term":[{"taxonomy":"category","embeddable":true,"href":"https:\/\/www.egemtv.com\/index.php?rest_route=%2Fwp%2Fv2%2Fcategories&post=87446"},{"taxonomy":"post_tag","embeddable":true,"href":"https:\/\/www.egemtv.com\/index.php?rest_route=%2Fwp%2Fv2%2Ftags&post=87446"}],"curies":[{"name":"wp","href":"https:\/\/api.w.org\/{rel}","templated":true}]}}