{"id":87443,"date":"2026-02-13T12:14:56","date_gmt":"2026-02-13T09:14:56","guid":{"rendered":"https:\/\/www.egemtv.com\/?p=87443"},"modified":"2026-02-13T12:14:57","modified_gmt":"2026-02-13T09:14:57","slug":"buyuksehirden-sevgililer-gunune-edis-konseri","status":"publish","type":"post","link":"https:\/\/www.egemtv.com\/?p=87443","title":{"rendered":"B\u00fcy\u00fck\u015fehir\u2019den Sevgililer G\u00fcn\u00fc\u2019ne Edis konseri"},"content":{"rendered":"<p>Ayd\u0131n B\u00fcy\u00fck\u015fehir Belediyesi, 14 \u015eubat Sevgililer G\u00fcn\u00fc etkinlikleri kapsam\u0131nda Efeler Atat\u00fcrk Kent Meydan\u0131\u2019nda \u00fcnl\u00fc sanat\u00e7\u0131 Edis\u2019i Ayd\u0131nl\u0131larla bulu\u015fturacak.<br \/>\n<br \/>Ayd\u0131n B\u00fcy\u00fck\u015fehir Belediyesi, 14 \u015eubat Sevgililer G\u00fcn\u00fc etkinlikleri kapsam\u0131nda \u00fcnl\u00fc sanat\u00e7\u0131 Edis\u2019i Ayd\u0131nl\u0131larla bulu\u015fturacak. Efeler il\u00e7esinde bulunan Atat\u00fcrk Kent Meydan\u0131\u2019nda d\u00fczenlenecek konserin yo\u011fun kat\u0131l\u0131mla ger\u00e7ekle\u015fmesi bekleniyor. Sevgililer G\u00fcn\u00fc dolay\u0131s\u0131yla Ayd\u0131n\u2019da ya\u015fayan vatanda\u015flar, Ayd\u0131n B\u00fcy\u00fck\u015fehir Belediyesi\u2019nin haz\u0131rlad\u0131\u011f\u0131 etkinlikle unutulmaz bir ak\u015fam ya\u015fayacak. Etkinlik kapsam\u0131nda sahne alacak olan Edis, sevilen \u015fark\u0131lar\u0131n\u0131 Ayd\u0131nl\u0131lar i\u00e7in seslendirecek. Konserin saat 20.30\u2019da ba\u015flayaca\u011f\u0131 \u00f6\u011frenilirken, Ayd\u0131n B\u00fcy\u00fck\u015fehir Belediye Ba\u015fkan\u0131 \u00d6zlem \u00c7er\u00e7io\u011flu ise t\u00fcm vatanda\u015flar\u0131 etkinli\u011fe davet etti.<br \/><\/p>\n","protected":false},"excerpt":{"rendered":"<p>Ayd\u0131n B\u00fcy\u00fck\u015fehir Belediyesi, 14 \u015eubat Sevgililer G\u00fcn\u00fc etkinlikleri kapsam\u0131nda Efeler Atat\u00fcrk Kent Meydan\u0131\u2019nda \u00fcnl\u00fc sanat\u00e7\u0131 Edis\u2019i Ayd\u0131nl\u0131larla bulu\u015fturacak. Ayd\u0131n B\u00fcy\u00fck\u015fehir Belediyesi, 14 \u015eubat Sevgililer G\u00fcn\u00fc etkinlikleri kapsam\u0131nda \u00fcnl\u00fc sanat\u00e7\u0131 Edis\u2019i Ayd\u0131nl\u0131larla bulu\u015fturacak. Efeler il\u00e7esinde bulunan Atat\u00fcrk Kent Meydan\u0131\u2019nda d\u00fczenlenecek konserin yo\u011fun kat\u0131l\u0131mla ger\u00e7ekle\u015fmesi bekleniyor. Sevgililer G\u00fcn\u00fc dolay\u0131s\u0131yla Ayd\u0131n\u2019da ya\u015fayan vatanda\u015flar, Ayd\u0131n B\u00fcy\u00fck\u015fehir Belediyesi\u2019nin haz\u0131rlad\u0131\u011f\u0131 etkinlikle&#8230;<\/p>\n","protected":false},"author":1,"featured_media":87444,"comment_status":"open","ping_status":"open","sticky":false,"template":"","format":"standard","meta":{"_crdt_document":"","footnotes":""},"categories":[1],"tags":[],"class_list":["post-87443","post","type-post","status-publish","format-standard","has-post-thumbnail","hentry","category-guncel"],"_links":{"self":[{"href":"https:\/\/www.egemtv.com\/index.php?rest_route=\/wp\/v2\/posts\/87443","targetHints":{"allow":["GET"]}}],"collection":[{"href":"https:\/\/www.egemtv.com\/index.php?rest_route=\/wp\/v2\/posts"}],"about":[{"href":"https:\/\/www.egemtv.com\/index.php?rest_route=\/wp\/v2\/types\/post"}],"author":[{"embeddable":true,"href":"https:\/\/www.egemtv.com\/index.php?rest_route=\/wp\/v2\/users\/1"}],"replies":[{"embeddable":true,"href":"https:\/\/www.egemtv.com\/index.php?rest_route=%2Fwp%2Fv2%2Fcomments&post=87443"}],"version-history":[{"count":1,"href":"https:\/\/www.egemtv.com\/index.php?rest_route=\/wp\/v2\/posts\/87443\/revisions"}],"predecessor-version":[{"id":87445,"href":"https:\/\/www.egemtv.com\/index.php?rest_route=\/wp\/v2\/posts\/87443\/revisions\/87445"}],"wp:featuredmedia":[{"embeddable":true,"href":"https:\/\/www.egemtv.com\/index.php?rest_route=\/wp\/v2\/media\/87444"}],"wp:attachment":[{"href":"https:\/\/www.egemtv.com\/index.php?rest_route=%2Fwp%2Fv2%2Fmedia&parent=87443"}],"wp:term":[{"taxonomy":"category","embeddable":true,"href":"https:\/\/www.egemtv.com\/index.php?rest_route=%2Fwp%2Fv2%2Fcategories&post=87443"},{"taxonomy":"post_tag","embeddable":true,"href":"https:\/\/www.egemtv.com\/index.php?rest_route=%2Fwp%2Fv2%2Ftags&post=87443"}],"curies":[{"name":"wp","href":"https:\/\/api.w.org\/{rel}","templated":true}]}}