{"id":87440,"date":"2026-02-13T11:54:43","date_gmt":"2026-02-13T08:54:43","guid":{"rendered":"https:\/\/www.egemtv.com\/?p=87440"},"modified":"2026-02-13T11:54:44","modified_gmt":"2026-02-13T08:54:44","slug":"belediye-vatandaslardan-borclarini-sosyal-medyadan-istedi","status":"publish","type":"post","link":"https:\/\/www.egemtv.com\/?p=87440","title":{"rendered":"Belediye vatanda\u015flardan bor\u00e7lar\u0131n\u0131 sosyal medyadan istedi"},"content":{"rendered":"<p>Afyonkarahisar D\u00fcza\u011fa\u00e7 Belde Belediyesi vatanda\u015f\u0131n belediyeye olan bor\u00e7lar\u0131n\u0131 sosyal medya hesab\u0131 \u00fczerinden yapt\u0131\u011f\u0131 a\u00e7\u0131klama ile istedi.<br \/>\n<br \/>Sinanpa\u015fa il\u00e7esine ba\u011fl\u0131 D\u00fcza\u011fa\u00e7 Belde Belediyesi\u2019nin sosyal medya hesab\u0131ndan yapt\u0131\u011f\u0131 a\u00e7\u0131klama g\u00f6renleri hayrete d\u00fc\u015f\u00fcrd\u00fc. Yap\u0131lan yaz\u0131l\u0131 a\u00e7\u0131klamada vatanda\u015flar\u0131n belediyeye olan bor\u00e7lar\u0131 istenerek \u015fu ifadelere yer verildi:<br \/>\n<br \/>&#8220;Belediye ba\u015fkanl\u0131\u011f\u0131ndan bildirilmi\u015ftir. Belediyemize i\u015f makinas\u0131 (silaj paketleme, kat\u0131 g\u00fcbre da\u011f\u0131tma ve kep\u00e7e) borcu olan vatanda\u015flar\u0131m\u0131za bor\u00e7lar\u0131n\u0131 kapatmadan hizmet verilmeyecektir. Bu nedenle vatanda\u015flar\u0131m\u0131z\u0131n geriye d\u00f6n\u00fck bor\u00e7lar\u0131n\u0131 kapatmalar\u0131 \u00f6nemle rica olunur.&#8221;<br \/><\/p>\n","protected":false},"excerpt":{"rendered":"<p>Afyonkarahisar D\u00fcza\u011fa\u00e7 Belde Belediyesi vatanda\u015f\u0131n belediyeye olan bor\u00e7lar\u0131n\u0131 sosyal medya hesab\u0131 \u00fczerinden yapt\u0131\u011f\u0131 a\u00e7\u0131klama ile istedi. Sinanpa\u015fa il\u00e7esine ba\u011fl\u0131 D\u00fcza\u011fa\u00e7 Belde Belediyesi\u2019nin sosyal medya hesab\u0131ndan yapt\u0131\u011f\u0131 a\u00e7\u0131klama g\u00f6renleri hayrete d\u00fc\u015f\u00fcrd\u00fc. Yap\u0131lan yaz\u0131l\u0131 a\u00e7\u0131klamada vatanda\u015flar\u0131n belediyeye olan bor\u00e7lar\u0131 istenerek \u015fu ifadelere yer verildi: &#8220;Belediye ba\u015fkanl\u0131\u011f\u0131ndan bildirilmi\u015ftir. Belediyemize i\u015f makinas\u0131 (silaj paketleme, kat\u0131 g\u00fcbre da\u011f\u0131tma ve kep\u00e7e)&#8230;<\/p>\n","protected":false},"author":1,"featured_media":87441,"comment_status":"open","ping_status":"open","sticky":false,"template":"","format":"standard","meta":{"_crdt_document":"","footnotes":""},"categories":[1],"tags":[],"class_list":["post-87440","post","type-post","status-publish","format-standard","has-post-thumbnail","hentry","category-guncel"],"_links":{"self":[{"href":"https:\/\/www.egemtv.com\/index.php?rest_route=\/wp\/v2\/posts\/87440","targetHints":{"allow":["GET"]}}],"collection":[{"href":"https:\/\/www.egemtv.com\/index.php?rest_route=\/wp\/v2\/posts"}],"about":[{"href":"https:\/\/www.egemtv.com\/index.php?rest_route=\/wp\/v2\/types\/post"}],"author":[{"embeddable":true,"href":"https:\/\/www.egemtv.com\/index.php?rest_route=\/wp\/v2\/users\/1"}],"replies":[{"embeddable":true,"href":"https:\/\/www.egemtv.com\/index.php?rest_route=%2Fwp%2Fv2%2Fcomments&post=87440"}],"version-history":[{"count":1,"href":"https:\/\/www.egemtv.com\/index.php?rest_route=\/wp\/v2\/posts\/87440\/revisions"}],"predecessor-version":[{"id":87442,"href":"https:\/\/www.egemtv.com\/index.php?rest_route=\/wp\/v2\/posts\/87440\/revisions\/87442"}],"wp:featuredmedia":[{"embeddable":true,"href":"https:\/\/www.egemtv.com\/index.php?rest_route=\/wp\/v2\/media\/87441"}],"wp:attachment":[{"href":"https:\/\/www.egemtv.com\/index.php?rest_route=%2Fwp%2Fv2%2Fmedia&parent=87440"}],"wp:term":[{"taxonomy":"category","embeddable":true,"href":"https:\/\/www.egemtv.com\/index.php?rest_route=%2Fwp%2Fv2%2Fcategories&post=87440"},{"taxonomy":"post_tag","embeddable":true,"href":"https:\/\/www.egemtv.com\/index.php?rest_route=%2Fwp%2Fv2%2Ftags&post=87440"}],"curies":[{"name":"wp","href":"https:\/\/api.w.org\/{rel}","templated":true}]}}