{"id":87437,"date":"2026-02-13T11:54:42","date_gmt":"2026-02-13T08:54:42","guid":{"rendered":"https:\/\/www.egemtv.com\/?p=87437"},"modified":"2026-02-13T11:54:43","modified_gmt":"2026-02-13T08:54:43","slug":"ekmek-firinlarina-yonelik-denetim","status":"publish","type":"post","link":"https:\/\/www.egemtv.com\/?p=87437","title":{"rendered":"Ekmek f\u0131r\u0131nlar\u0131na y\u00f6nelik denetim"},"content":{"rendered":"<p>Afyonkarahisar Tar\u0131m ve Orman \u0130l M\u00fcd\u00fcrl\u00fc\u011f\u00fc ekipleri yakla\u015fan Ramazan ay\u0131 \u00f6ncesi ekmek \u00fcretimi yap\u0131lan f\u0131r\u0131nlara y\u00f6nelik denetim yap\u0131ld\u0131.<br \/>\n<br \/>Ger\u00e7ekle\u015ftirilen denetimlere Tar\u0131m ve Orman \u0130l M\u00fcd\u00fcr\u00fc \u00d6zkan Parlak\u2019\u0131n da kat\u0131ld\u0131\u011f\u0131 belirtildi. Denetimlerin ard\u0131ndan yap\u0131lan yaz\u0131l\u0131 a\u00e7\u0131klamada ise &#8220;Yakla\u015fan Ramazan ay\u0131 \u00f6ncesinde, \u0130l M\u00fcd\u00fcr\u00fcm\u00fcz \u00d6zkan Parlak\u2019\u0131n kat\u0131l\u0131m\u0131yla ilimiz genelindeki ekmek f\u0131r\u0131nlar\u0131na y\u00f6nelik denetimler ger\u00e7ekle\u015ftirildi. 5996 say\u0131l\u0131 kanun \u00e7er\u00e7evesinde g\u0131da g\u00fcvenilirli\u011fi konular\u0131nda taviz vermiyoruz. Vatanda\u015flar\u0131m\u0131z\u0131n sofras\u0131na giren her ekme\u011fin sa\u011fl\u0131kl\u0131 ve standartlara uygun olmas\u0131 i\u00e7in denetimlerimiz Ramazan ay\u0131 boyunca da aral\u0131ks\u0131z devam edecektir&#8221; ifadelerine yer verildi.<br \/><\/p>\n","protected":false},"excerpt":{"rendered":"<p>Afyonkarahisar Tar\u0131m ve Orman \u0130l M\u00fcd\u00fcrl\u00fc\u011f\u00fc ekipleri yakla\u015fan Ramazan ay\u0131 \u00f6ncesi ekmek \u00fcretimi yap\u0131lan f\u0131r\u0131nlara y\u00f6nelik denetim yap\u0131ld\u0131. Ger\u00e7ekle\u015ftirilen denetimlere Tar\u0131m ve Orman \u0130l M\u00fcd\u00fcr\u00fc \u00d6zkan Parlak\u2019\u0131n da kat\u0131ld\u0131\u011f\u0131 belirtildi. Denetimlerin ard\u0131ndan yap\u0131lan yaz\u0131l\u0131 a\u00e7\u0131klamada ise &#8220;Yakla\u015fan Ramazan ay\u0131 \u00f6ncesinde, \u0130l M\u00fcd\u00fcr\u00fcm\u00fcz \u00d6zkan Parlak\u2019\u0131n kat\u0131l\u0131m\u0131yla ilimiz genelindeki ekmek f\u0131r\u0131nlar\u0131na y\u00f6nelik denetimler ger\u00e7ekle\u015ftirildi. 5996 say\u0131l\u0131 kanun&#8230;<\/p>\n","protected":false},"author":1,"featured_media":87438,"comment_status":"open","ping_status":"open","sticky":false,"template":"","format":"standard","meta":{"_crdt_document":"","footnotes":""},"categories":[1],"tags":[],"class_list":["post-87437","post","type-post","status-publish","format-standard","has-post-thumbnail","hentry","category-guncel"],"_links":{"self":[{"href":"https:\/\/www.egemtv.com\/index.php?rest_route=\/wp\/v2\/posts\/87437","targetHints":{"allow":["GET"]}}],"collection":[{"href":"https:\/\/www.egemtv.com\/index.php?rest_route=\/wp\/v2\/posts"}],"about":[{"href":"https:\/\/www.egemtv.com\/index.php?rest_route=\/wp\/v2\/types\/post"}],"author":[{"embeddable":true,"href":"https:\/\/www.egemtv.com\/index.php?rest_route=\/wp\/v2\/users\/1"}],"replies":[{"embeddable":true,"href":"https:\/\/www.egemtv.com\/index.php?rest_route=%2Fwp%2Fv2%2Fcomments&post=87437"}],"version-history":[{"count":1,"href":"https:\/\/www.egemtv.com\/index.php?rest_route=\/wp\/v2\/posts\/87437\/revisions"}],"predecessor-version":[{"id":87439,"href":"https:\/\/www.egemtv.com\/index.php?rest_route=\/wp\/v2\/posts\/87437\/revisions\/87439"}],"wp:featuredmedia":[{"embeddable":true,"href":"https:\/\/www.egemtv.com\/index.php?rest_route=\/wp\/v2\/media\/87438"}],"wp:attachment":[{"href":"https:\/\/www.egemtv.com\/index.php?rest_route=%2Fwp%2Fv2%2Fmedia&parent=87437"}],"wp:term":[{"taxonomy":"category","embeddable":true,"href":"https:\/\/www.egemtv.com\/index.php?rest_route=%2Fwp%2Fv2%2Fcategories&post=87437"},{"taxonomy":"post_tag","embeddable":true,"href":"https:\/\/www.egemtv.com\/index.php?rest_route=%2Fwp%2Fv2%2Ftags&post=87437"}],"curies":[{"name":"wp","href":"https:\/\/api.w.org\/{rel}","templated":true}]}}