{"id":87434,"date":"2026-02-13T11:54:41","date_gmt":"2026-02-13T08:54:41","guid":{"rendered":"https:\/\/www.egemtv.com\/?p=87434"},"modified":"2026-02-13T11:54:42","modified_gmt":"2026-02-13T08:54:42","slug":"kutahya-obmde-isletme-sefleri-ve-orman-muhafaza-memurlarina-egitim","status":"publish","type":"post","link":"https:\/\/www.egemtv.com\/?p=87434","title":{"rendered":"K\u00fctahya OBM\u2019de i\u015fletme \u015fefleri ve orman muhafaza memurlar\u0131na e\u011fitim"},"content":{"rendered":"<p>K\u00fctahya Orman B\u00f6lge M\u00fcd\u00fcrl\u00fc\u011f\u00fc\u2019nde (OBM), i\u015fletme \u015fefleri ve orman muhafaza memurlar\u0131na y\u00f6nelik e\u011fitim program\u0131 d\u00fczenlendi.<br \/>\n<br \/>Yedi Orman \u0130\u015fletme M\u00fcd\u00fcrl\u00fc\u011f\u00fcn\u00fc kapsayan e\u011fitim; Orman Zararl\u0131lar\u0131yla M\u00fccadele \u015eube M\u00fcd\u00fcr\u00fc G. Volkan And\u0131\u00e7, \u015fube m\u00fchendisleri Abdullah Berbero ve Ay\u015feg\u00fcl \u00d6zcan ile B\u00f6lge M\u00fcd\u00fcrl\u00fc\u011f\u00fc avukat\u0131 Selin Talay Co\u015fkun taraf\u0131ndan verildi.  E\u011fitim kapsam\u0131nda kat\u0131l\u0131mc\u0131lara ormanlar\u0131n kanun d\u0131\u015f\u0131 m\u00fcdahalelerden korunmas\u0131 ile orman zararlar\u0131yla m\u00fccadele konular\u0131nda bilgilendirme yap\u0131ld\u0131. Programda, sahada g\u00f6rev yapan personelin bilgi ve fark\u0131ndal\u0131\u011f\u0131n\u0131n art\u0131r\u0131lmas\u0131 hedeflendi.<br \/><\/p>\n","protected":false},"excerpt":{"rendered":"<p>K\u00fctahya Orman B\u00f6lge M\u00fcd\u00fcrl\u00fc\u011f\u00fc\u2019nde (OBM), i\u015fletme \u015fefleri ve orman muhafaza memurlar\u0131na y\u00f6nelik e\u011fitim program\u0131 d\u00fczenlendi. Yedi Orman \u0130\u015fletme M\u00fcd\u00fcrl\u00fc\u011f\u00fcn\u00fc kapsayan e\u011fitim; Orman Zararl\u0131lar\u0131yla M\u00fccadele \u015eube M\u00fcd\u00fcr\u00fc G. Volkan And\u0131\u00e7, \u015fube m\u00fchendisleri Abdullah Berbero ve Ay\u015feg\u00fcl \u00d6zcan ile B\u00f6lge M\u00fcd\u00fcrl\u00fc\u011f\u00fc avukat\u0131 Selin Talay Co\u015fkun taraf\u0131ndan verildi. E\u011fitim kapsam\u0131nda kat\u0131l\u0131mc\u0131lara ormanlar\u0131n kanun d\u0131\u015f\u0131 m\u00fcdahalelerden korunmas\u0131 ile orman&#8230;<\/p>\n","protected":false},"author":1,"featured_media":87435,"comment_status":"open","ping_status":"open","sticky":false,"template":"","format":"standard","meta":{"_crdt_document":"","footnotes":""},"categories":[1],"tags":[],"class_list":["post-87434","post","type-post","status-publish","format-standard","has-post-thumbnail","hentry","category-guncel"],"_links":{"self":[{"href":"https:\/\/www.egemtv.com\/index.php?rest_route=\/wp\/v2\/posts\/87434","targetHints":{"allow":["GET"]}}],"collection":[{"href":"https:\/\/www.egemtv.com\/index.php?rest_route=\/wp\/v2\/posts"}],"about":[{"href":"https:\/\/www.egemtv.com\/index.php?rest_route=\/wp\/v2\/types\/post"}],"author":[{"embeddable":true,"href":"https:\/\/www.egemtv.com\/index.php?rest_route=\/wp\/v2\/users\/1"}],"replies":[{"embeddable":true,"href":"https:\/\/www.egemtv.com\/index.php?rest_route=%2Fwp%2Fv2%2Fcomments&post=87434"}],"version-history":[{"count":1,"href":"https:\/\/www.egemtv.com\/index.php?rest_route=\/wp\/v2\/posts\/87434\/revisions"}],"predecessor-version":[{"id":87436,"href":"https:\/\/www.egemtv.com\/index.php?rest_route=\/wp\/v2\/posts\/87434\/revisions\/87436"}],"wp:featuredmedia":[{"embeddable":true,"href":"https:\/\/www.egemtv.com\/index.php?rest_route=\/wp\/v2\/media\/87435"}],"wp:attachment":[{"href":"https:\/\/www.egemtv.com\/index.php?rest_route=%2Fwp%2Fv2%2Fmedia&parent=87434"}],"wp:term":[{"taxonomy":"category","embeddable":true,"href":"https:\/\/www.egemtv.com\/index.php?rest_route=%2Fwp%2Fv2%2Fcategories&post=87434"},{"taxonomy":"post_tag","embeddable":true,"href":"https:\/\/www.egemtv.com\/index.php?rest_route=%2Fwp%2Fv2%2Ftags&post=87434"}],"curies":[{"name":"wp","href":"https:\/\/api.w.org\/{rel}","templated":true}]}}