{"id":87431,"date":"2026-02-13T11:54:40","date_gmt":"2026-02-13T08:54:40","guid":{"rendered":"https:\/\/www.egemtv.com\/?p=87431"},"modified":"2026-02-13T11:54:41","modified_gmt":"2026-02-13T08:54:41","slug":"koycegizde-sabah-namazi-bulusmasi-hamitkoy-camiinde-gerceklesecek","status":"publish","type":"post","link":"https:\/\/www.egemtv.com\/?p=87431","title":{"rendered":"K\u00f6yce\u011fiz\u2019de sabah namaz\u0131 bulu\u015fmas\u0131 Hamitk\u00f6y Camiinde ger\u00e7ekle\u015fecek"},"content":{"rendered":"<p>Mu\u011fla\u2019n\u0131n K\u00f6yce\u011fiz il\u00e7esinde Ramazan ay\u0131 \u00f6ncesi son sabah namaz\u0131 bulu\u015fmas\u0131, Cumartesi sabah\u0131 Hamitk\u00f6y Mahallesi Merkez Camii\u2019nde ger\u00e7ekle\u015fecek.<\/p>\n<p>K\u00f6yce\u011fiz \u0130l\u00e7e M\u00fcft\u00fcl\u00fc\u011f\u00fc taraf\u0131ndan yap\u0131lan a\u00e7\u0131klamada; &#8220;G\u00f6n\u00fcllerimizi Ramazan\u2019a haz\u0131rlamak, ayn\u0131 safta omuz omuza durmak, ayn\u0131 duaya &#8220;\u00e2min&#8221; demek i\u00e7in t\u00fcm karde\u015flerimizi bu bereketli bulu\u015fmaya davet ediyoruz. Gelin, Ramazan\u2019a birlikte, dua ile, birlik ile, huzur ile girelim. Kur\u2019an-\u0131 Kerim tilaveti, sabah namaz\u0131n\u0131n cemaatle k\u0131l\u0131nmas\u0131, tesbihat, sohbet, dua ve ikramlar\u0131n olaca\u011f\u0131 programa gen\u00e7-ya\u015fl\u0131 bay-bayan t\u00fcm karde\u015flerimiz davetlidir&#8221; ifadeleri kullan\u0131ld\u0131.<br \/><\/p>\n","protected":false},"excerpt":{"rendered":"<p>Mu\u011fla\u2019n\u0131n K\u00f6yce\u011fiz il\u00e7esinde Ramazan ay\u0131 \u00f6ncesi son sabah namaz\u0131 bulu\u015fmas\u0131, Cumartesi sabah\u0131 Hamitk\u00f6y Mahallesi Merkez Camii\u2019nde ger\u00e7ekle\u015fecek. K\u00f6yce\u011fiz \u0130l\u00e7e M\u00fcft\u00fcl\u00fc\u011f\u00fc taraf\u0131ndan yap\u0131lan a\u00e7\u0131klamada; &#8220;G\u00f6n\u00fcllerimizi Ramazan\u2019a haz\u0131rlamak, ayn\u0131 safta omuz omuza durmak, ayn\u0131 duaya &#8220;\u00e2min&#8221; demek i\u00e7in t\u00fcm karde\u015flerimizi bu bereketli bulu\u015fmaya davet ediyoruz. Gelin, Ramazan\u2019a birlikte, dua ile, birlik ile, huzur ile girelim. Kur\u2019an-\u0131 Kerim&#8230;<\/p>\n","protected":false},"author":1,"featured_media":87432,"comment_status":"open","ping_status":"open","sticky":false,"template":"","format":"standard","meta":{"_crdt_document":"","footnotes":""},"categories":[1],"tags":[],"class_list":["post-87431","post","type-post","status-publish","format-standard","has-post-thumbnail","hentry","category-guncel"],"_links":{"self":[{"href":"https:\/\/www.egemtv.com\/index.php?rest_route=\/wp\/v2\/posts\/87431","targetHints":{"allow":["GET"]}}],"collection":[{"href":"https:\/\/www.egemtv.com\/index.php?rest_route=\/wp\/v2\/posts"}],"about":[{"href":"https:\/\/www.egemtv.com\/index.php?rest_route=\/wp\/v2\/types\/post"}],"author":[{"embeddable":true,"href":"https:\/\/www.egemtv.com\/index.php?rest_route=\/wp\/v2\/users\/1"}],"replies":[{"embeddable":true,"href":"https:\/\/www.egemtv.com\/index.php?rest_route=%2Fwp%2Fv2%2Fcomments&post=87431"}],"version-history":[{"count":1,"href":"https:\/\/www.egemtv.com\/index.php?rest_route=\/wp\/v2\/posts\/87431\/revisions"}],"predecessor-version":[{"id":87433,"href":"https:\/\/www.egemtv.com\/index.php?rest_route=\/wp\/v2\/posts\/87431\/revisions\/87433"}],"wp:featuredmedia":[{"embeddable":true,"href":"https:\/\/www.egemtv.com\/index.php?rest_route=\/wp\/v2\/media\/87432"}],"wp:attachment":[{"href":"https:\/\/www.egemtv.com\/index.php?rest_route=%2Fwp%2Fv2%2Fmedia&parent=87431"}],"wp:term":[{"taxonomy":"category","embeddable":true,"href":"https:\/\/www.egemtv.com\/index.php?rest_route=%2Fwp%2Fv2%2Fcategories&post=87431"},{"taxonomy":"post_tag","embeddable":true,"href":"https:\/\/www.egemtv.com\/index.php?rest_route=%2Fwp%2Fv2%2Ftags&post=87431"}],"curies":[{"name":"wp","href":"https:\/\/api.w.org\/{rel}","templated":true}]}}