{"id":87428,"date":"2026-02-13T11:35:06","date_gmt":"2026-02-13T08:35:06","guid":{"rendered":"https:\/\/www.egemtv.com\/?p=87428"},"modified":"2026-02-13T11:35:07","modified_gmt":"2026-02-13T08:35:07","slug":"afyonkarahisarda-81-ilde-okuma-bulusmasi-etkinligi-gerceklestirilecek","status":"publish","type":"post","link":"https:\/\/www.egemtv.com\/?p=87428","title":{"rendered":"Afyonkarahisar\u2019da \u201881 \u0130lde Okuma Bulu\u015fmas\u0131\u2019 etkinli\u011fi ger\u00e7ekle\u015ftirilecek"},"content":{"rendered":"<p>\u201881 \u0130lde Okuma Bulu\u015fmas\u0131\u2019 etkinli\u011fi t\u00fcm T\u00fcrkiye ile birlikte Afyonkarahisar\u2019da da 14 \u015eubat Cumartesi g\u00fcn\u00fc (yar\u0131n) Kad\u0131nana \u0130mam Hatip Ortaokulu bah\u00e7esinde d\u00fczenlenecek.<br \/>\n<br \/>Milli E\u011fitim Bakanl\u0131\u011f\u0131 ile Gen\u00e7lik ve Spor Bakanl\u0131\u011f\u0131 taraf\u0131ndan onaylanan ve te\u015fvik edilen 13. Ufka Yolculuk Bilgi ve K\u00fclt\u00fcr Yar\u0131\u015fmas\u0131, 81 ilde 14 \u015eubat 2026 tarihinde ger\u00e7ekle\u015ftirilecek okuma etkinli\u011fi ile yolculu\u011funa devam ediyor.<br \/>\n<br \/>Afyonkarahisar\u2019da yo\u011fun bir kat\u0131l\u0131m\u0131n ger\u00e7ekle\u015fti\u011fi yar\u0131\u015fmaya ba\u015fvuru say\u0131s\u0131 hali haz\u0131rda 19 bini ge\u00e7erken, 6 Mart\u2019a kadar devam edecek ba\u015fvuru s\u00fcreci sonunda 25 bini a\u015fmas\u0131 ve bu tevecc\u00fch ile Afyonkarahisar\u2019\u0131n, T\u00fcrkiye\u2019de yar\u0131\u015fmaya en fazla kat\u0131l\u0131m\u0131n ger\u00e7ekle\u015fti\u011fi illerden biri olmas\u0131 bekleniyor.<br \/><\/p>\n","protected":false},"excerpt":{"rendered":"<p>\u201881 \u0130lde Okuma Bulu\u015fmas\u0131\u2019 etkinli\u011fi t\u00fcm T\u00fcrkiye ile birlikte Afyonkarahisar\u2019da da 14 \u015eubat Cumartesi g\u00fcn\u00fc (yar\u0131n) Kad\u0131nana \u0130mam Hatip Ortaokulu bah\u00e7esinde d\u00fczenlenecek. Milli E\u011fitim Bakanl\u0131\u011f\u0131 ile Gen\u00e7lik ve Spor Bakanl\u0131\u011f\u0131 taraf\u0131ndan onaylanan ve te\u015fvik edilen 13. Ufka Yolculuk Bilgi ve K\u00fclt\u00fcr Yar\u0131\u015fmas\u0131, 81 ilde 14 \u015eubat 2026 tarihinde ger\u00e7ekle\u015ftirilecek okuma etkinli\u011fi ile yolculu\u011funa devam ediyor&#8230;.<\/p>\n","protected":false},"author":1,"featured_media":87429,"comment_status":"open","ping_status":"open","sticky":false,"template":"","format":"standard","meta":{"_crdt_document":"","footnotes":""},"categories":[1],"tags":[],"class_list":["post-87428","post","type-post","status-publish","format-standard","has-post-thumbnail","hentry","category-guncel"],"_links":{"self":[{"href":"https:\/\/www.egemtv.com\/index.php?rest_route=\/wp\/v2\/posts\/87428","targetHints":{"allow":["GET"]}}],"collection":[{"href":"https:\/\/www.egemtv.com\/index.php?rest_route=\/wp\/v2\/posts"}],"about":[{"href":"https:\/\/www.egemtv.com\/index.php?rest_route=\/wp\/v2\/types\/post"}],"author":[{"embeddable":true,"href":"https:\/\/www.egemtv.com\/index.php?rest_route=\/wp\/v2\/users\/1"}],"replies":[{"embeddable":true,"href":"https:\/\/www.egemtv.com\/index.php?rest_route=%2Fwp%2Fv2%2Fcomments&post=87428"}],"version-history":[{"count":1,"href":"https:\/\/www.egemtv.com\/index.php?rest_route=\/wp\/v2\/posts\/87428\/revisions"}],"predecessor-version":[{"id":87430,"href":"https:\/\/www.egemtv.com\/index.php?rest_route=\/wp\/v2\/posts\/87428\/revisions\/87430"}],"wp:featuredmedia":[{"embeddable":true,"href":"https:\/\/www.egemtv.com\/index.php?rest_route=\/wp\/v2\/media\/87429"}],"wp:attachment":[{"href":"https:\/\/www.egemtv.com\/index.php?rest_route=%2Fwp%2Fv2%2Fmedia&parent=87428"}],"wp:term":[{"taxonomy":"category","embeddable":true,"href":"https:\/\/www.egemtv.com\/index.php?rest_route=%2Fwp%2Fv2%2Fcategories&post=87428"},{"taxonomy":"post_tag","embeddable":true,"href":"https:\/\/www.egemtv.com\/index.php?rest_route=%2Fwp%2Fv2%2Ftags&post=87428"}],"curies":[{"name":"wp","href":"https:\/\/api.w.org\/{rel}","templated":true}]}}