{"id":87425,"date":"2026-02-13T11:35:04","date_gmt":"2026-02-13T08:35:04","guid":{"rendered":"https:\/\/www.egemtv.com\/?p=87425"},"modified":"2026-02-13T11:35:06","modified_gmt":"2026-02-13T08:35:06","slug":"bayindir-zeytinova-baraji-yolunda-heyelan","status":"publish","type":"post","link":"https:\/\/www.egemtv.com\/?p=87425","title":{"rendered":"Bay\u0131nd\u0131r Zeytinova Baraj\u0131 yolunda heyelan"},"content":{"rendered":"<p>\u0130zmir\u2019in Bay\u0131nd\u0131r il\u00e7esinde bulunan Zeytinova Baraj\u0131 yolunda heyelan meydana geldi.<br \/>\n<br \/>Edinilen bilgiye g\u00f6re, bu sabah saat 10.00 s\u0131ralar\u0131nda Zeytinova Baraj\u0131 yolunda heyelan meydana geldi. Yama\u00e7tan kopan toprak ve kaya par\u00e7alar\u0131 g\u00fcr\u00fclt\u00fcyle karayoluna s\u00fcr\u00fcklendi. Olay an\u0131 \u00e7evrede bulunan vatanda\u015flar taraf\u0131ndan cep telefonlar\u0131 ile kaydedildi. G\u00f6r\u00fcnt\u00fclerde toprak k\u00fctlesinin yola do\u011fru akt\u0131\u011f\u0131 anlar yer ald\u0131.<br \/>\n<br \/>Heyelan nedeniyle b\u00f6lgeye ekipler sevk edildi.<br \/><\/p>\n","protected":false},"excerpt":{"rendered":"<p>\u0130zmir\u2019in Bay\u0131nd\u0131r il\u00e7esinde bulunan Zeytinova Baraj\u0131 yolunda heyelan meydana geldi. Edinilen bilgiye g\u00f6re, bu sabah saat 10.00 s\u0131ralar\u0131nda Zeytinova Baraj\u0131 yolunda heyelan meydana geldi. Yama\u00e7tan kopan toprak ve kaya par\u00e7alar\u0131 g\u00fcr\u00fclt\u00fcyle karayoluna s\u00fcr\u00fcklendi. Olay an\u0131 \u00e7evrede bulunan vatanda\u015flar taraf\u0131ndan cep telefonlar\u0131 ile kaydedildi. G\u00f6r\u00fcnt\u00fclerde toprak k\u00fctlesinin yola do\u011fru akt\u0131\u011f\u0131 anlar yer ald\u0131. Heyelan nedeniyle b\u00f6lgeye&#8230;<\/p>\n","protected":false},"author":1,"featured_media":87426,"comment_status":"open","ping_status":"open","sticky":false,"template":"","format":"standard","meta":{"_crdt_document":"","footnotes":""},"categories":[1],"tags":[],"class_list":["post-87425","post","type-post","status-publish","format-standard","has-post-thumbnail","hentry","category-guncel"],"_links":{"self":[{"href":"https:\/\/www.egemtv.com\/index.php?rest_route=\/wp\/v2\/posts\/87425","targetHints":{"allow":["GET"]}}],"collection":[{"href":"https:\/\/www.egemtv.com\/index.php?rest_route=\/wp\/v2\/posts"}],"about":[{"href":"https:\/\/www.egemtv.com\/index.php?rest_route=\/wp\/v2\/types\/post"}],"author":[{"embeddable":true,"href":"https:\/\/www.egemtv.com\/index.php?rest_route=\/wp\/v2\/users\/1"}],"replies":[{"embeddable":true,"href":"https:\/\/www.egemtv.com\/index.php?rest_route=%2Fwp%2Fv2%2Fcomments&post=87425"}],"version-history":[{"count":1,"href":"https:\/\/www.egemtv.com\/index.php?rest_route=\/wp\/v2\/posts\/87425\/revisions"}],"predecessor-version":[{"id":87427,"href":"https:\/\/www.egemtv.com\/index.php?rest_route=\/wp\/v2\/posts\/87425\/revisions\/87427"}],"wp:featuredmedia":[{"embeddable":true,"href":"https:\/\/www.egemtv.com\/index.php?rest_route=\/wp\/v2\/media\/87426"}],"wp:attachment":[{"href":"https:\/\/www.egemtv.com\/index.php?rest_route=%2Fwp%2Fv2%2Fmedia&parent=87425"}],"wp:term":[{"taxonomy":"category","embeddable":true,"href":"https:\/\/www.egemtv.com\/index.php?rest_route=%2Fwp%2Fv2%2Fcategories&post=87425"},{"taxonomy":"post_tag","embeddable":true,"href":"https:\/\/www.egemtv.com\/index.php?rest_route=%2Fwp%2Fv2%2Ftags&post=87425"}],"curies":[{"name":"wp","href":"https:\/\/api.w.org\/{rel}","templated":true}]}}