{"id":87422,"date":"2026-02-13T11:35:03","date_gmt":"2026-02-13T08:35:03","guid":{"rendered":"https:\/\/www.egemtv.com\/?p=87422"},"modified":"2026-02-13T11:35:04","modified_gmt":"2026-02-13T08:35:04","slug":"3-yillik-emek-turkiye-sampiyonlugu-getirdi","status":"publish","type":"post","link":"https:\/\/www.egemtv.com\/?p=87422","title":{"rendered":"3 y\u0131ll\u0131k emek T\u00fcrkiye \u015fampiyonlu\u011fu getirdi"},"content":{"rendered":"<p>Samsun\u2019da d\u00fczenlenen \u2019Okul Sporlar\u0131 Bowling Gen\u00e7 Erkekler T\u00fcrkiye Birincili\u011fi\u2019nde Mustafa G\u00fcrkan Anadolu Lisesi \u00f6\u011frencileri T\u00fcrkiye \u015fampiyonu oldu. Gen\u00e7 sporcu Mustafa Emir Ko\u00e7, uluslararas\u0131 arenada T\u00fcrkiye\u2019yi temsil etmek istedi\u011fini s\u00f6yledi.<br \/>\n<br \/>Samsun\u2019da ger\u00e7ekle\u015ftirilen Okul Sporlar\u0131 Bowling Gen\u00e7 Erkekler T\u00fcrkiye Birincili\u011fi m\u00fcsabakalar\u0131nda Mustafa G\u00fcrkan Anadolu Lisesi\u2019nin \u00f6\u011frencileri T\u00fcrkiye \u015fampiyonu oldu. T\u00fcrkiye genelinden \u00e7ok say\u0131da okulun kat\u0131l\u0131m\u0131yla d\u00fczenlenen organizasyonda Isparta\u2019y\u0131 temsil eden Mustafa G\u00fcrkan Anadolu Lisesi \u00f6\u011frencileri aras\u0131nda Mustafa Emir Ko\u00e7, Mehmet Samet \u00c7i\u00e7ek, Recep Arma\u011fan, Alperen Kocaman ve Mustafa Selim Turan yer ald\u0131.<\/p>\n<p>&#8220;\u0130\u00e7imde \u00e7ok b\u00fcy\u00fck bir mutluluk var&#8221;<br \/>\n<br \/>Mustafa G\u00fcrkan Anadolu Lisesi 12. s\u0131n\u0131f \u00f6\u011frencisi Mustafa Emir Ko\u00e7, &#8220;3 y\u0131l \u00f6nce Mustafa G\u00fcrkan Anadolu Lisesinde bowling tak\u0131m\u0131 vard\u0131. Biz de kendimizi orada denemek istedik ve tak\u0131ma kat\u0131lmaya hak kazand\u0131k. Bu sporu zaten 3 y\u0131ld\u0131r yap\u0131yorduk. Daha da disiplinli bir hale getirdik. \u0130l \u015fampiyonas\u0131 \u00f6ncesinde bir ay boyunca haz\u0131rlanmaya ba\u015flad\u0131k. Daha sonra Antalya Manavgat\u2019a gittik ve antrenmanlara hi\u00e7 ara vermeden devam ettik. Orada birincili\u011fi al\u0131nca Samsun\u2019a ge\u00e7tik. Yakla\u015f\u0131k 2-3 ayd\u0131r antrenman yap\u0131yorduk. \u00c7ok disiplinli bir s\u00fcre\u00e7ten ge\u00e7tik. Bu disiplinli yolculu\u011fun sonucu olarak i\u00e7imde \u00e7ok b\u00fcy\u00fck bir mutluluk var&#8221; dedi.<\/p>\n<p>&#8220;Uluslararas\u0131 arenada \u00fclkemi temsil etmek istiyorum&#8221;<br \/>\n<br \/>S\u00fcrecin zorlu\u011funu dile getiren Ko\u00e7, &#8220;Her g\u00fcn baz\u0131 i\u015flerimizden fedakarl\u0131k yaparak antrenmanlara geliyorduk ve en sonunda ba\u015far\u0131y\u0131 elde ettik. Bu nedenle \u00e7ok mutluyum. Bu disiplinli s\u00fcrecin sonunda \u00e7ok b\u00fcy\u00fck bir mutluluk ya\u015fad\u0131m. \u00d6ncelikle ailem taraf\u0131ndan b\u00fcy\u00fck bir mutlulukla kar\u015f\u0131land\u0131m. Bundan sonra Isparta\u2019y\u0131 gururland\u0131rd\u0131\u011f\u0131m i\u00e7in art\u0131k uluslararas\u0131 arenada \u00fclkemi temsil etmek istiyorum&#8221; \u015feklinde konu\u015ftu.<\/p>\n<p>&#8220;Pes etmezseniz ba\u015far\u0131ya ula\u015fabilirsiniz&#8221;<br \/>\n<br \/>Birincili\u011fi ge\u00e7tikleri disiplinli s\u00fcre\u00e7ten sonra hayal ettiklerini vurgulayan Mustafa Emir Ko\u00e7, &#8220;Zorlu bir s\u00fcre\u00e7ti; bazen hayal etmek bile zor geliyordu ama ba\u015farabilece\u011fimize inanm\u0131\u015ft\u0131k. \u0130nand\u0131\u011f\u0131m\u0131z gibi de oldu. \u00d6ncelikle bu yolda bir ba\u015far\u0131 elde etmek istiyorsan\u0131z disiplinli olman\u0131z gerekiyor. Bu disiplinli s\u00fcre\u00e7ten asla vazge\u00e7meyin. Elbette zorluklarla kar\u015f\u0131la\u015facaks\u0131n\u0131z; ancak pes etmezseniz ba\u015far\u0131ya ula\u015fabilirsiniz&#8221; ifadelerini kulland\u0131.<\/p>\n<p>Zekiye Yavuz:\u00a0&#8220;Isparta\u2019m\u0131z\u0131 ve Mustafa G\u00fcrkan Anadolu Lisemizi temsil ettik&#8221;<br \/>\n<br \/>Mustafa G\u00fcrkan Anadolu Lisesi\u2019nde 16 y\u0131ld\u0131r beden e\u011fitimi \u00f6\u011fretmeni olan Zekiye Yavuz ise uzun y\u0131llard\u0131r \u00f6\u011frencilerini yetenekleri do\u011frultusunda bir\u00e7ok spor bran\u015f\u0131nda de\u011ferlendirmeye \u00e7al\u0131\u015ft\u0131\u011f\u0131n\u0131 aktararak, &#8220;Sportif bran\u015flar\u0131n yan\u0131nda bowling sporuna da 3 y\u0131ld\u0131r ba\u015flam\u0131\u015f bulunmaktay\u0131z. Isparta\u2019da yap\u0131lan okul sporlar\u0131 m\u00fcsabakalar\u0131nda il birincili\u011fi, Antalya Manavgat il\u00e7esinde yap\u0131lan grup ma\u00e7lar\u0131nda grup birincili\u011fi ve en son Samsun\u2019da d\u00fczenlenen \u2019Bowling T\u00fcrkiye Finali\u2019nde, T\u00fcrkiye birincili\u011fi elde ederek Isparta\u2019m\u0131z\u0131 ve Mustafa G\u00fcrkan Anadolu Lisemizi temsil ettik. Bize bu imkanlar\u0131 sa\u011flayan Isparta \u0130l Milli E\u011fitim M\u00fcd\u00fcr\u00fcm\u00fcz Recai Ocak hocama, \u015fube m\u00fcd\u00fcrlerime, Isparta \u0130l Gen\u00e7lik ve Spor M\u00fcd\u00fcrl\u00fc\u011f\u00fcne, okul m\u00fcd\u00fcr\u00fcm\u00fcze ve idarecilerimize katk\u0131lar\u0131ndan dolay\u0131 te\u015fekk\u00fcrlerimi sunar\u0131m. \u0130n\u015fallah bundan sonra da bowling bran\u015f\u0131nda ve kat\u0131ld\u0131\u011f\u0131m\u0131z di\u011fer spor dallar\u0131nda Isparta\u2019m\u0131z\u0131 gururla temsil etmeye devam ederiz&#8221; c\u00fcmlelerine yer verdi.<br \/><\/p>\n","protected":false},"excerpt":{"rendered":"<p>Samsun\u2019da d\u00fczenlenen \u2019Okul Sporlar\u0131 Bowling Gen\u00e7 Erkekler T\u00fcrkiye Birincili\u011fi\u2019nde Mustafa G\u00fcrkan Anadolu Lisesi \u00f6\u011frencileri T\u00fcrkiye \u015fampiyonu oldu. Gen\u00e7 sporcu Mustafa Emir Ko\u00e7, uluslararas\u0131 arenada T\u00fcrkiye\u2019yi temsil etmek istedi\u011fini s\u00f6yledi. Samsun\u2019da ger\u00e7ekle\u015ftirilen Okul Sporlar\u0131 Bowling Gen\u00e7 Erkekler T\u00fcrkiye Birincili\u011fi m\u00fcsabakalar\u0131nda Mustafa G\u00fcrkan Anadolu Lisesi\u2019nin \u00f6\u011frencileri T\u00fcrkiye \u015fampiyonu oldu. T\u00fcrkiye genelinden \u00e7ok say\u0131da okulun kat\u0131l\u0131m\u0131yla d\u00fczenlenen organizasyonda&#8230;<\/p>\n","protected":false},"author":1,"featured_media":87423,"comment_status":"open","ping_status":"open","sticky":false,"template":"","format":"standard","meta":{"_crdt_document":"","footnotes":""},"categories":[4],"tags":[],"class_list":["post-87422","post","type-post","status-publish","format-standard","has-post-thumbnail","hentry","category-spor"],"_links":{"self":[{"href":"https:\/\/www.egemtv.com\/index.php?rest_route=\/wp\/v2\/posts\/87422","targetHints":{"allow":["GET"]}}],"collection":[{"href":"https:\/\/www.egemtv.com\/index.php?rest_route=\/wp\/v2\/posts"}],"about":[{"href":"https:\/\/www.egemtv.com\/index.php?rest_route=\/wp\/v2\/types\/post"}],"author":[{"embeddable":true,"href":"https:\/\/www.egemtv.com\/index.php?rest_route=\/wp\/v2\/users\/1"}],"replies":[{"embeddable":true,"href":"https:\/\/www.egemtv.com\/index.php?rest_route=%2Fwp%2Fv2%2Fcomments&post=87422"}],"version-history":[{"count":1,"href":"https:\/\/www.egemtv.com\/index.php?rest_route=\/wp\/v2\/posts\/87422\/revisions"}],"predecessor-version":[{"id":87424,"href":"https:\/\/www.egemtv.com\/index.php?rest_route=\/wp\/v2\/posts\/87422\/revisions\/87424"}],"wp:featuredmedia":[{"embeddable":true,"href":"https:\/\/www.egemtv.com\/index.php?rest_route=\/wp\/v2\/media\/87423"}],"wp:attachment":[{"href":"https:\/\/www.egemtv.com\/index.php?rest_route=%2Fwp%2Fv2%2Fmedia&parent=87422"}],"wp:term":[{"taxonomy":"category","embeddable":true,"href":"https:\/\/www.egemtv.com\/index.php?rest_route=%2Fwp%2Fv2%2Fcategories&post=87422"},{"taxonomy":"post_tag","embeddable":true,"href":"https:\/\/www.egemtv.com\/index.php?rest_route=%2Fwp%2Fv2%2Ftags&post=87422"}],"curies":[{"name":"wp","href":"https:\/\/api.w.org\/{rel}","templated":true}]}}