{"id":87416,"date":"2026-02-13T11:34:59","date_gmt":"2026-02-13T08:34:59","guid":{"rendered":"https:\/\/www.egemtv.com\/?p=87416"},"modified":"2026-02-13T11:35:00","modified_gmt":"2026-02-13T08:35:00","slug":"denizlide-sel-kopruleri-agir-hasar-verdi","status":"publish","type":"post","link":"https:\/\/www.egemtv.com\/?p=87416","title":{"rendered":"Denizli\u2019de sel k\u00f6pr\u00fcleri a\u011f\u0131r hasar verdi"},"content":{"rendered":"<p>Denizli\u2019nin Ac\u0131payam ve \u00c7ameli il\u00e7elerinden ge\u00e7en Kanl\u0131 \u00c7ay, Karanfilli \u00c7ay\u0131 ve Sar\u0131kavak \u00c7ay\u0131\u2019nda yo\u011fun ya\u011f\u0131\u015f sonras\u0131 su seviyesi y\u00fckseldi. Artan debi nedeniyle Su\u00e7at\u0131 Mahallesi\u2019ndeki \u00c7eltek Ba\u011flant\u0131 K\u00f6pr\u00fcs\u00fc\u2019n\u00fcn bir aya\u011f\u0131 y\u0131k\u0131ld\u0131, iki aya\u011f\u0131nda da a\u011f\u0131r hasar meydana geldi.<br \/>\n<br \/>Denizli\u2019nin Ac\u0131payam ve \u00c7ameli il\u00e7elerinden ge\u00e7en Kanl\u0131 \u00c7ay, Karanfilli \u00c7ay\u0131 ve Sar\u0131kavak \u00c7ay\u0131\u2019nda etkili olan yo\u011fun ya\u011f\u0131\u015flar\u0131n ard\u0131ndan su seviyesi y\u00fckseldi. Ya\u011f\u0131\u015f sonras\u0131 derelerde debinin artmas\u0131 ta\u015fk\u0131nlara neden olurken, en b\u00fcy\u00fck hasar Ac\u0131payam il\u00e7esine ba\u011fl\u0131 Su\u00e7at\u0131 Mahallesi\u2019nde meydana geldi. Mahallede bulunan \u00c7eltek Ba\u011flant\u0131 K\u00f6pr\u00fcs\u00fc artan suyun etkisiyle b\u00fcy\u00fck zarar g\u00f6rd\u00fc. K\u00f6pr\u00fcn\u00fcn bir aya\u011f\u0131 tamamen y\u0131k\u0131l\u0131rken, iki aya\u011f\u0131nda da a\u011f\u0131r hasar olu\u015ftu.Hasar g\u00f6ren k\u00f6pr\u00fc g\u00fcvenlik gerek\u00e7esiyle kullan\u0131ma kapat\u0131ld\u0131. K\u00f6pr\u00fcn\u00fcn kapanmas\u0131yla birlikte mahalleye ula\u015f\u0131m sa\u011flanamaz hale geldi. Su seviyesi y\u00fckselen dereler yataklar\u0131na s\u0131\u011fmayarak \u00e7evrede ta\u015fk\u0131nlara yol a\u00e7t\u0131. \u00d6zellikle \u00e7ay \u00e7evresinde k\u00f6pr\u00fc bulunmayan yollarda ge\u00e7i\u015fler imk\u00e2ns\u0131z hale geldi. Tarla ve arazi yollar\u0131nda da su birikintileri ve kuvvetli ak\u0131nt\u0131 nedeniyle ula\u015f\u0131mda aksakl\u0131klar ya\u015fand\u0131.<br \/><\/p>\n","protected":false},"excerpt":{"rendered":"<p>Denizli\u2019nin Ac\u0131payam ve \u00c7ameli il\u00e7elerinden ge\u00e7en Kanl\u0131 \u00c7ay, Karanfilli \u00c7ay\u0131 ve Sar\u0131kavak \u00c7ay\u0131\u2019nda yo\u011fun ya\u011f\u0131\u015f sonras\u0131 su seviyesi y\u00fckseldi. Artan debi nedeniyle Su\u00e7at\u0131 Mahallesi\u2019ndeki \u00c7eltek Ba\u011flant\u0131 K\u00f6pr\u00fcs\u00fc\u2019n\u00fcn bir aya\u011f\u0131 y\u0131k\u0131ld\u0131, iki aya\u011f\u0131nda da a\u011f\u0131r hasar meydana geldi. Denizli\u2019nin Ac\u0131payam ve \u00c7ameli il\u00e7elerinden ge\u00e7en Kanl\u0131 \u00c7ay, Karanfilli \u00c7ay\u0131 ve Sar\u0131kavak \u00c7ay\u0131\u2019nda etkili olan yo\u011fun ya\u011f\u0131\u015flar\u0131n ard\u0131ndan&#8230;<\/p>\n","protected":false},"author":1,"featured_media":87417,"comment_status":"open","ping_status":"open","sticky":false,"template":"","format":"standard","meta":{"_crdt_document":"","footnotes":""},"categories":[1],"tags":[],"class_list":["post-87416","post","type-post","status-publish","format-standard","has-post-thumbnail","hentry","category-guncel"],"_links":{"self":[{"href":"https:\/\/www.egemtv.com\/index.php?rest_route=\/wp\/v2\/posts\/87416","targetHints":{"allow":["GET"]}}],"collection":[{"href":"https:\/\/www.egemtv.com\/index.php?rest_route=\/wp\/v2\/posts"}],"about":[{"href":"https:\/\/www.egemtv.com\/index.php?rest_route=\/wp\/v2\/types\/post"}],"author":[{"embeddable":true,"href":"https:\/\/www.egemtv.com\/index.php?rest_route=\/wp\/v2\/users\/1"}],"replies":[{"embeddable":true,"href":"https:\/\/www.egemtv.com\/index.php?rest_route=%2Fwp%2Fv2%2Fcomments&post=87416"}],"version-history":[{"count":1,"href":"https:\/\/www.egemtv.com\/index.php?rest_route=\/wp\/v2\/posts\/87416\/revisions"}],"predecessor-version":[{"id":87418,"href":"https:\/\/www.egemtv.com\/index.php?rest_route=\/wp\/v2\/posts\/87416\/revisions\/87418"}],"wp:featuredmedia":[{"embeddable":true,"href":"https:\/\/www.egemtv.com\/index.php?rest_route=\/wp\/v2\/media\/87417"}],"wp:attachment":[{"href":"https:\/\/www.egemtv.com\/index.php?rest_route=%2Fwp%2Fv2%2Fmedia&parent=87416"}],"wp:term":[{"taxonomy":"category","embeddable":true,"href":"https:\/\/www.egemtv.com\/index.php?rest_route=%2Fwp%2Fv2%2Fcategories&post=87416"},{"taxonomy":"post_tag","embeddable":true,"href":"https:\/\/www.egemtv.com\/index.php?rest_route=%2Fwp%2Fv2%2Ftags&post=87416"}],"curies":[{"name":"wp","href":"https:\/\/api.w.org\/{rel}","templated":true}]}}