{"id":87413,"date":"2026-02-13T11:15:11","date_gmt":"2026-02-13T08:15:11","guid":{"rendered":"https:\/\/www.egemtv.com\/?p=87413"},"modified":"2026-02-13T11:15:12","modified_gmt":"2026-02-13T08:15:12","slug":"yunusemrede-sevgililer-gunune-ozel-muhtesem-konser","status":"publish","type":"post","link":"https:\/\/www.egemtv.com\/?p=87413","title":{"rendered":"Yunusemre\u2019de Sevgililer G\u00fcn\u00fc\u2019ne \u00f6zel muhte\u015fem konser"},"content":{"rendered":"<p>Yunusemre Belediyesi, 14 \u015eubat Sevgililer G\u00fcn\u00fc \u00f6ncesinde d\u00fczenledi\u011fi \u00f6zel konserle sanatseverlere unutulmaz bir gece ya\u015fatt\u0131. T\u00fcrk Sanat M\u00fczi\u011fi\u2019nin se\u00e7kin eserlerinin seslendirildi\u011fi konserde duygu dolu anlar ya\u015fand\u0131, salon alk\u0131\u015flarla yank\u0131land\u0131.<br \/>\n<br \/>Sanata ve sanat\u00e7\u0131ya verdi\u011fi destekle takdir toplayan Yunusemre Belediyesi, Sevgililer G\u00fcn\u00fc Konseri ile vatanda\u015flar\u0131 bir araya getirdi. Sunuculu\u011funu Fadime Ezel ile Mustafa Ba\u015fg\u00fcl\u015fen\u2019in \u00fcstlendi\u011fi gecede, koro \u015fefli\u011fini Oya \u0130zci yapt\u0131.<br \/>\n<br \/>32 korist ve 12 ki\u015filik saz ekibinden olu\u015fan Yunusemre Belediyesi T\u00fcrk Sanat M\u00fczi\u011fi Korosu, T\u00fcrk Sanat M\u00fczi\u011fi\u2019nin sevilen ve haf\u0131zalara kaz\u0131nm\u0131\u015f eserlerini b\u00fcy\u00fck bir ba\u015far\u0131yla seslendirdi. Dinleyiciler zaman zaman \u015fark\u0131lara e\u015flik ederek geceye renk katt\u0131.<br \/>\n<br \/>Ferdi Zeyrek Millet \u00c7ar\u015f\u0131s\u0131 \u0130smail Hakk\u0131 Tongu\u00e7 Konferans Salonu\u2019nda d\u00fczenlenen konsere, Semih Balaban ve e\u015fi Serap Balaban, belediye ba\u015fkan yard\u0131mc\u0131lar\u0131 Emine \u00d6zge Arslan ve Hakan G\u00fcrtunca ile CHP il ve il\u00e7e y\u00f6neticileri kat\u0131ld\u0131. Etkinlik, izleyicilerden yo\u011fun alk\u0131\u015f al\u0131rken; sanatseverler b\u00f6ylesine \u00f6zel bir g\u00fcnde d\u00fczenlenen konser dolay\u0131s\u0131yla Belediye Ba\u015fkan\u0131 Semih Balaban ve eme\u011fi ge\u00e7enlere te\u015fekk\u00fcr etti.<br \/><\/p>\n","protected":false},"excerpt":{"rendered":"<p>Yunusemre Belediyesi, 14 \u015eubat Sevgililer G\u00fcn\u00fc \u00f6ncesinde d\u00fczenledi\u011fi \u00f6zel konserle sanatseverlere unutulmaz bir gece ya\u015fatt\u0131. T\u00fcrk Sanat M\u00fczi\u011fi\u2019nin se\u00e7kin eserlerinin seslendirildi\u011fi konserde duygu dolu anlar ya\u015fand\u0131, salon alk\u0131\u015flarla yank\u0131land\u0131. Sanata ve sanat\u00e7\u0131ya verdi\u011fi destekle takdir toplayan Yunusemre Belediyesi, Sevgililer G\u00fcn\u00fc Konseri ile vatanda\u015flar\u0131 bir araya getirdi. Sunuculu\u011funu Fadime Ezel ile Mustafa Ba\u015fg\u00fcl\u015fen\u2019in \u00fcstlendi\u011fi gecede, koro&#8230;<\/p>\n","protected":false},"author":1,"featured_media":87414,"comment_status":"open","ping_status":"open","sticky":false,"template":"","format":"standard","meta":{"_crdt_document":"","footnotes":""},"categories":[1],"tags":[],"class_list":["post-87413","post","type-post","status-publish","format-standard","has-post-thumbnail","hentry","category-guncel"],"_links":{"self":[{"href":"https:\/\/www.egemtv.com\/index.php?rest_route=\/wp\/v2\/posts\/87413","targetHints":{"allow":["GET"]}}],"collection":[{"href":"https:\/\/www.egemtv.com\/index.php?rest_route=\/wp\/v2\/posts"}],"about":[{"href":"https:\/\/www.egemtv.com\/index.php?rest_route=\/wp\/v2\/types\/post"}],"author":[{"embeddable":true,"href":"https:\/\/www.egemtv.com\/index.php?rest_route=\/wp\/v2\/users\/1"}],"replies":[{"embeddable":true,"href":"https:\/\/www.egemtv.com\/index.php?rest_route=%2Fwp%2Fv2%2Fcomments&post=87413"}],"version-history":[{"count":1,"href":"https:\/\/www.egemtv.com\/index.php?rest_route=\/wp\/v2\/posts\/87413\/revisions"}],"predecessor-version":[{"id":87415,"href":"https:\/\/www.egemtv.com\/index.php?rest_route=\/wp\/v2\/posts\/87413\/revisions\/87415"}],"wp:featuredmedia":[{"embeddable":true,"href":"https:\/\/www.egemtv.com\/index.php?rest_route=\/wp\/v2\/media\/87414"}],"wp:attachment":[{"href":"https:\/\/www.egemtv.com\/index.php?rest_route=%2Fwp%2Fv2%2Fmedia&parent=87413"}],"wp:term":[{"taxonomy":"category","embeddable":true,"href":"https:\/\/www.egemtv.com\/index.php?rest_route=%2Fwp%2Fv2%2Fcategories&post=87413"},{"taxonomy":"post_tag","embeddable":true,"href":"https:\/\/www.egemtv.com\/index.php?rest_route=%2Fwp%2Fv2%2Ftags&post=87413"}],"curies":[{"name":"wp","href":"https:\/\/api.w.org\/{rel}","templated":true}]}}