{"id":87410,"date":"2026-02-13T11:15:10","date_gmt":"2026-02-13T08:15:10","guid":{"rendered":"https:\/\/www.egemtv.com\/?p=87410"},"modified":"2026-02-13T11:15:11","modified_gmt":"2026-02-13T08:15:11","slug":"koycegizde-ciftci-tarla-okulu-egitimi-gerceklestirildi","status":"publish","type":"post","link":"https:\/\/www.egemtv.com\/?p=87410","title":{"rendered":"K\u00f6yce\u011fiz\u2019de &#8220;\u00e7ift\u00e7i tarla okulu&#8221; e\u011fitimi ger\u00e7ekle\u015ftirildi"},"content":{"rendered":"<p>Mu\u011fla \u0130l Tar\u0131m ve Orman M\u00fcd\u00fcrl\u00fc\u011f\u00fc ile K\u00f6yce\u011fiz \u0130l\u00e7e M\u00fcd\u00fcrl\u00fc\u011f\u00fc\u2019n\u00fcn koordinasyonunda d\u00fczenlenen &#8220;\u00c7ift\u00e7i Tarla Okulu E\u011fitim Toplant\u0131s\u0131&#8221;, b\u00f6lgedeki \u00fcreticilerin yo\u011fun kat\u0131l\u0131m\u0131yla ger\u00e7ekle\u015ftirildi. Toplant\u0131ya Mu\u011fla \u0130l Tar\u0131m ve Orman M\u00fcd\u00fcr\u00fc Seyfettin Baydar da bizzat kat\u0131larak \u00fcreticilerin sorunlar\u0131n\u0131 ve taleplerini dinledi.<\/p>\n<p>Organizasyon kapsam\u0131nda ger\u00e7ekle\u015ftirilen e\u011fitimlerde, tar\u0131msal \u00fcretimin daha sistemli ve verimli hale getirilmesi i\u00e7in hayati \u00f6nem ta\u015f\u0131yan &#8220;Tar\u0131msal \u00dcretim Planlamas\u0131&#8221; konusu \u00f6n plana \u00e7\u0131kt\u0131. Genel tar\u0131m teknikleri, modern sulama ve ila\u00e7lama y\u00f6ntemleri gibi konularda uzmanlar taraf\u0131ndan bilgilendirmeler yap\u0131ld\u0131.<\/p>\n<p>\u0130l M\u00fcd\u00fcr\u00fc Seyfettin Baydar, \u00fcreticilerin sahadaki talep ve \u00f6nerilerini not alarak, s\u00fcrd\u00fcr\u00fclebilir ve y\u00fcksek verimli bir \u00fcretim modeli i\u00e7in at\u0131lmas\u0131 gereken ad\u0131mlar\u0131 payla\u015ft\u0131. Baydar, Mu\u011fla tar\u0131m\u0131n\u0131n g\u00fc\u00e7lenmesi i\u00e7in \u00fcretici odakl\u0131 projelerin devam edece\u011fini vurgulad\u0131.<\/p>\n<p>Toplant\u0131 sonunda yap\u0131lan a\u00e7\u0131klamada; \u00fcreticilerin bilin\u00e7lendirilmesi, maliyetlerin d\u00fc\u015f\u00fcr\u00fclmesi ve tar\u0131msal \u00fcretimin stratejik olarak g\u00fc\u00e7lendirilmesi amac\u0131yla e\u011fitim faaliyetlerinin il genelinde aral\u0131ks\u0131z s\u00fcrd\u00fcr\u00fclece\u011fi belirtildi. &#8220;\u00c7ift\u00e7i Tarla Okulu&#8221; projesiyle, bilginin do\u011frudan tarlada ve \u00fcretim alan\u0131nda payla\u015f\u0131lmas\u0131 hedefleniyor.<br \/><\/p>\n","protected":false},"excerpt":{"rendered":"<p>Mu\u011fla \u0130l Tar\u0131m ve Orman M\u00fcd\u00fcrl\u00fc\u011f\u00fc ile K\u00f6yce\u011fiz \u0130l\u00e7e M\u00fcd\u00fcrl\u00fc\u011f\u00fc\u2019n\u00fcn koordinasyonunda d\u00fczenlenen &#8220;\u00c7ift\u00e7i Tarla Okulu E\u011fitim Toplant\u0131s\u0131&#8221;, b\u00f6lgedeki \u00fcreticilerin yo\u011fun kat\u0131l\u0131m\u0131yla ger\u00e7ekle\u015ftirildi. Toplant\u0131ya Mu\u011fla \u0130l Tar\u0131m ve Orman M\u00fcd\u00fcr\u00fc Seyfettin Baydar da bizzat kat\u0131larak \u00fcreticilerin sorunlar\u0131n\u0131 ve taleplerini dinledi. Organizasyon kapsam\u0131nda ger\u00e7ekle\u015ftirilen e\u011fitimlerde, tar\u0131msal \u00fcretimin daha sistemli ve verimli hale getirilmesi i\u00e7in hayati \u00f6nem ta\u015f\u0131yan&#8230;<\/p>\n","protected":false},"author":1,"featured_media":87411,"comment_status":"open","ping_status":"open","sticky":false,"template":"","format":"standard","meta":{"_crdt_document":"","footnotes":""},"categories":[1],"tags":[],"class_list":["post-87410","post","type-post","status-publish","format-standard","has-post-thumbnail","hentry","category-guncel"],"_links":{"self":[{"href":"https:\/\/www.egemtv.com\/index.php?rest_route=\/wp\/v2\/posts\/87410","targetHints":{"allow":["GET"]}}],"collection":[{"href":"https:\/\/www.egemtv.com\/index.php?rest_route=\/wp\/v2\/posts"}],"about":[{"href":"https:\/\/www.egemtv.com\/index.php?rest_route=\/wp\/v2\/types\/post"}],"author":[{"embeddable":true,"href":"https:\/\/www.egemtv.com\/index.php?rest_route=\/wp\/v2\/users\/1"}],"replies":[{"embeddable":true,"href":"https:\/\/www.egemtv.com\/index.php?rest_route=%2Fwp%2Fv2%2Fcomments&post=87410"}],"version-history":[{"count":1,"href":"https:\/\/www.egemtv.com\/index.php?rest_route=\/wp\/v2\/posts\/87410\/revisions"}],"predecessor-version":[{"id":87412,"href":"https:\/\/www.egemtv.com\/index.php?rest_route=\/wp\/v2\/posts\/87410\/revisions\/87412"}],"wp:featuredmedia":[{"embeddable":true,"href":"https:\/\/www.egemtv.com\/index.php?rest_route=\/wp\/v2\/media\/87411"}],"wp:attachment":[{"href":"https:\/\/www.egemtv.com\/index.php?rest_route=%2Fwp%2Fv2%2Fmedia&parent=87410"}],"wp:term":[{"taxonomy":"category","embeddable":true,"href":"https:\/\/www.egemtv.com\/index.php?rest_route=%2Fwp%2Fv2%2Fcategories&post=87410"},{"taxonomy":"post_tag","embeddable":true,"href":"https:\/\/www.egemtv.com\/index.php?rest_route=%2Fwp%2Fv2%2Ftags&post=87410"}],"curies":[{"name":"wp","href":"https:\/\/api.w.org\/{rel}","templated":true}]}}