{"id":87407,"date":"2026-02-13T11:15:10","date_gmt":"2026-02-13T08:15:10","guid":{"rendered":"https:\/\/www.egemtv.com\/?p=87407"},"modified":"2026-02-13T11:15:10","modified_gmt":"2026-02-13T08:15:10","slug":"surucunun-sekeri-dustu-kontrolden-cikan-arac-carsiyi-birbirine-katti","status":"publish","type":"post","link":"https:\/\/www.egemtv.com\/?p=87407","title":{"rendered":"S\u00fcr\u00fcc\u00fcn\u00fcn \u015fekeri d\u00fc\u015ft\u00fc, kontrolden \u00e7\u0131kan ara\u00e7 \u00e7ar\u015f\u0131y\u0131 birbirine katt\u0131"},"content":{"rendered":"<p>\u0130zmir\u2019in Gaziemir il\u00e7esinde seyir halindeyken kan \u015fekeri d\u00fc\u015fen bir esnaf, arac\u0131n\u0131n kontrol\u00fcn\u00fc kaybederek kald\u0131r\u0131ma dald\u0131. \u0130\u015f yerlerinin \u00f6n\u00fcnden s\u00fcratle ge\u00e7en ara\u00e7, bir pastanenin dondurma dolab\u0131na ve park halindeki otomobile \u00e7arparak durabilirken, kaza an\u0131 kameraya yans\u0131d\u0131.<br \/>\n<br \/>Kaza, d\u00fcn sabah saatlerinde Gaziemir il\u00e7esi Sarn\u0131\u00e7 Mahallesi\u2019nde meydana geldi. Edinilen bilgiye g\u00f6re, b\u00f6lgede esnafl\u0131k yapt\u0131\u011f\u0131 \u00f6\u011frenilen bir s\u00fcr\u00fcc\u00fc, arac\u0131yla seyir halindeyken bir anda rahats\u0131zland\u0131. Kan \u015fekerinin d\u00fc\u015ft\u00fc\u011f\u00fc belirtilen s\u00fcr\u00fcc\u00fc, direksiyon hakimiyetini kaybederek yoldan \u00e7\u0131kt\u0131.<\/p>\n<p>D\u00fckkanlar\u0131 te\u011fet ge\u00e7ti, dondurma dolab\u0131na \u00e7arpt\u0131<br \/>\n<br \/>H\u0131zla kald\u0131r\u0131ma \u00e7\u0131kan otomobil, cadde \u00fczerindeki d\u00fckkanlar\u0131n \u00e7ok yak\u0131n\u0131ndan s\u00fcr\u00fcklenmeye ba\u015flad\u0131. \u00c7evredeki vatanda\u015flar\u0131n b\u00fcy\u00fck korku ya\u015fad\u0131\u011f\u0131 olayda kontrolden \u00e7\u0131kan ara\u00e7, \u00f6nce bir pastanenin \u00f6n\u00fcnde bulunan dondurma dolab\u0131na \u00e7arpt\u0131. \u00c7arpman\u0131n etkisiyle savrulan ara\u00e7, daha sonra park halindeki ba\u015fka bir otomobile arkadan \u00e7arparak durabildi.<\/p>\n<p>O anlar kamerada<br \/>\n<br \/>Ya\u015fanan korku dolu anlar, \u00e7evredeki bir i\u015f yerinin g\u00fcvenlik kameras\u0131 taraf\u0131ndan anbean kaydedildi. G\u00f6r\u00fcnt\u00fclerde; arac\u0131n h\u0131zla kald\u0131r\u0131ma \u00e7\u0131k\u0131\u015f\u0131, d\u00fckkanlar\u0131n \u00f6n\u00fcnden s\u00fcratle ge\u00e7i\u015fi ve dondurma dolab\u0131n\u0131 par\u00e7alad\u0131\u011f\u0131 anlar yer ald\u0131. Kazay\u0131 g\u00f6ren vatanda\u015flar hemen s\u00fcr\u00fcc\u00fcn\u00fcn yard\u0131m\u0131na ko\u015farken, durumun bildirilmesi \u00fczerine olay yerine polis ve sa\u011fl\u0131k ekipleri sevk edildi.<\/p>\n<p>Korku dolu anlar\u0131 anlatt\u0131lar<br \/>\n<br \/>Kazay\u0131 ucuz atlatan ancak park halindeki otomobili zarar g\u00f6ren d\u00f6ner ustas\u0131 Mustafa Kaplan, &#8220;Kaza esnas\u0131nda burada kimsenin bulunmamas\u0131 b\u00fcy\u00fck bir \u015fanst\u0131. Kap\u0131 kom\u015fumuz olan hal\u0131c\u0131 esnaf\u0131n direksiyon ba\u015f\u0131ndayken \u015fekeri d\u00fc\u015fm\u00fc\u015f, bu sebeple kontrol\u00fc kaybederek ufak bir kaza yapm\u0131\u015f. Ara\u00e7 kald\u0131r\u0131ma \u00e7\u0131kt\u0131\u011f\u0131nda \u00f6nce bizim arabam\u0131za ve motosikletimize \u00e7arpt\u0131. \u00c7ok \u015f\u00fck\u00fcr ki maddi hasar d\u0131\u015f\u0131nda bir kayb\u0131m\u0131z yok. S\u00fcr\u00fcc\u00fcn\u00fcn \u015fekeri d\u00fc\u015ft\u00fc\u011f\u00fc i\u00e7in olan oldu; tek tesellimiz kimsenin yaralanmam\u0131\u015f olmas\u0131d\u0131r&#8221; dedi. Pastane i\u015fletmecisi Mustafa Co\u015fkun ise: &#8220;D\u00fcn sabah saat 10.00-10.30 civar\u0131nda pastanemin imalat b\u00f6l\u00fcm\u00fcnde \u00e7al\u0131\u015f\u0131rken, d\u0131\u015far\u0131dan binan\u0131n \u00e7\u00f6kt\u00fc\u011f\u00fcn\u00fc sand\u0131\u011f\u0131m kadar \u015fiddetli bir ses geldi. D\u0131\u015far\u0131 f\u0131rlad\u0131\u011f\u0131mda bir arac\u0131n savruldu\u011funu g\u00f6rd\u00fcm. Esnaf bir a\u011fabeyimiz direksiyon ba\u015f\u0131nda \u015fekerinin d\u00fc\u015fmesi sonucu bilincini kaybetmi\u015f. Ara\u00e7 \u00f6nce yan kom\u015funun motosikletine, ard\u0131ndan bizim dondurma dolab\u0131m\u0131za ve cam tezgah\u0131m\u0131za \u00e7arp\u0131p ilerideki bir ba\u015fka araca vurarak durabilmi\u015f. Hemen gidip s\u00fcr\u00fcc\u00fcy\u00fc ara\u00e7tan \u00e7\u0131kard\u0131k; bilinci tam yerinde de\u011fildi ve olan biteni hat\u0131rlam\u0131yordu. \u2019Bu kazay\u0131 ben mi yapt\u0131m?\u2019 diye sorunca durumun ciddiyetini anlad\u0131k. \u00c7arp\u0131\u015fman\u0131n \u015fiddeti o kadar y\u00fcksekti ki a\u011f\u0131r dondurma dolab\u0131m bile 20 santimetre i\u00e7eri girdi. \u015eans\u0131m\u0131za o an kald\u0131r\u0131mda kimse yoktu; e\u011fer orada bir vatanda\u015f ya da bebek arabas\u0131 olsayd\u0131 sonu\u00e7lar\u0131 felaket olurdu. Kimsenin can\u0131na bir zarar gelmedi\u011fi i\u00e7in \u015f\u00fckrediyoruz&#8221; a\u00e7\u0131klamas\u0131nda bulundu.<br \/>\n<br \/>Kazayla ilgili inceleme ba\u015flat\u0131ld\u0131.<br \/><\/p>\n","protected":false},"excerpt":{"rendered":"<p>\u0130zmir\u2019in Gaziemir il\u00e7esinde seyir halindeyken kan \u015fekeri d\u00fc\u015fen bir esnaf, arac\u0131n\u0131n kontrol\u00fcn\u00fc kaybederek kald\u0131r\u0131ma dald\u0131. \u0130\u015f yerlerinin \u00f6n\u00fcnden s\u00fcratle ge\u00e7en ara\u00e7, bir pastanenin dondurma dolab\u0131na ve park halindeki otomobile \u00e7arparak durabilirken, kaza an\u0131 kameraya yans\u0131d\u0131. Kaza, d\u00fcn sabah saatlerinde Gaziemir il\u00e7esi Sarn\u0131\u00e7 Mahallesi\u2019nde meydana geldi. Edinilen bilgiye g\u00f6re, b\u00f6lgede esnafl\u0131k yapt\u0131\u011f\u0131 \u00f6\u011frenilen bir s\u00fcr\u00fcc\u00fc, arac\u0131yla&#8230;<\/p>\n","protected":false},"author":1,"featured_media":87408,"comment_status":"open","ping_status":"open","sticky":false,"template":"","format":"standard","meta":{"_crdt_document":"","footnotes":""},"categories":[5],"tags":[],"class_list":["post-87407","post","type-post","status-publish","format-standard","has-post-thumbnail","hentry","category-asayis"],"_links":{"self":[{"href":"https:\/\/www.egemtv.com\/index.php?rest_route=\/wp\/v2\/posts\/87407","targetHints":{"allow":["GET"]}}],"collection":[{"href":"https:\/\/www.egemtv.com\/index.php?rest_route=\/wp\/v2\/posts"}],"about":[{"href":"https:\/\/www.egemtv.com\/index.php?rest_route=\/wp\/v2\/types\/post"}],"author":[{"embeddable":true,"href":"https:\/\/www.egemtv.com\/index.php?rest_route=\/wp\/v2\/users\/1"}],"replies":[{"embeddable":true,"href":"https:\/\/www.egemtv.com\/index.php?rest_route=%2Fwp%2Fv2%2Fcomments&post=87407"}],"version-history":[{"count":1,"href":"https:\/\/www.egemtv.com\/index.php?rest_route=\/wp\/v2\/posts\/87407\/revisions"}],"predecessor-version":[{"id":87409,"href":"https:\/\/www.egemtv.com\/index.php?rest_route=\/wp\/v2\/posts\/87407\/revisions\/87409"}],"wp:featuredmedia":[{"embeddable":true,"href":"https:\/\/www.egemtv.com\/index.php?rest_route=\/wp\/v2\/media\/87408"}],"wp:attachment":[{"href":"https:\/\/www.egemtv.com\/index.php?rest_route=%2Fwp%2Fv2%2Fmedia&parent=87407"}],"wp:term":[{"taxonomy":"category","embeddable":true,"href":"https:\/\/www.egemtv.com\/index.php?rest_route=%2Fwp%2Fv2%2Fcategories&post=87407"},{"taxonomy":"post_tag","embeddable":true,"href":"https:\/\/www.egemtv.com\/index.php?rest_route=%2Fwp%2Fv2%2Ftags&post=87407"}],"curies":[{"name":"wp","href":"https:\/\/api.w.org\/{rel}","templated":true}]}}