{"id":87404,"date":"2026-02-13T11:15:08","date_gmt":"2026-02-13T08:15:08","guid":{"rendered":"https:\/\/www.egemtv.com\/?p=87404"},"modified":"2026-02-13T11:15:09","modified_gmt":"2026-02-13T08:15:09","slug":"adude-saglikta-nitelik-artiran-egitim-tamamlandi","status":"publish","type":"post","link":"https:\/\/www.egemtv.com\/?p=87404","title":{"rendered":"AD\u00dc\u2019de sa\u011fl\u0131kta nitelik art\u0131ran e\u011fitim tamamland\u0131"},"content":{"rendered":"<p>Ayd\u0131n AD\u00dc Hastanesi\u2019nde d\u00fczenlenen Yo\u011fun Bak\u0131m Hem\u015fireli\u011fi Sertifikal\u0131 E\u011fitim Program\u0131 tamamlan\u0131rken, e\u011fitimcilere belgeleri takdim edildi.<\/p>\n<p>Ayd\u0131n Adnan Menderes \u00dcniversitesi (AD\u00dc) Ara\u015ft\u0131rma ve Uygulama Hastanesi\u2019nde d\u00fczenlenen Yo\u011fun Bak\u0131m Hem\u015fireli\u011fi Sertifikal\u0131 E\u011fitim Program\u0131 ba\u015far\u0131yla tamamland\u0131. Program kapsam\u0131nda g\u00f6rev alan e\u011fitimcilere e\u011fitici belgeleri, Ba\u015fhekim Yard\u0131mc\u0131s\u0131 Prof. Dr. Hilal Bekta\u015f Uysal taraf\u0131ndan takdim edildi. Sa\u011fl\u0131k hizmetlerinin niteli\u011fini art\u0131rmaya y\u00f6nelik ger\u00e7ekle\u015ftirilen e\u011fitim program\u0131nda eme\u011fi ge\u00e7en t\u00fcm e\u011fitimcilere te\u015fekk\u00fcr edilerek \u00e7al\u0131\u015fmalar\u0131nda ba\u015far\u0131lar dilendi.<br \/><\/p>\n","protected":false},"excerpt":{"rendered":"<p>Ayd\u0131n AD\u00dc Hastanesi\u2019nde d\u00fczenlenen Yo\u011fun Bak\u0131m Hem\u015fireli\u011fi Sertifikal\u0131 E\u011fitim Program\u0131 tamamlan\u0131rken, e\u011fitimcilere belgeleri takdim edildi. Ayd\u0131n Adnan Menderes \u00dcniversitesi (AD\u00dc) Ara\u015ft\u0131rma ve Uygulama Hastanesi\u2019nde d\u00fczenlenen Yo\u011fun Bak\u0131m Hem\u015fireli\u011fi Sertifikal\u0131 E\u011fitim Program\u0131 ba\u015far\u0131yla tamamland\u0131. Program kapsam\u0131nda g\u00f6rev alan e\u011fitimcilere e\u011fitici belgeleri, Ba\u015fhekim Yard\u0131mc\u0131s\u0131 Prof. Dr. Hilal Bekta\u015f Uysal taraf\u0131ndan takdim edildi. Sa\u011fl\u0131k hizmetlerinin niteli\u011fini art\u0131rmaya y\u00f6nelik&#8230;<\/p>\n","protected":false},"author":1,"featured_media":87405,"comment_status":"open","ping_status":"open","sticky":false,"template":"","format":"standard","meta":{"_crdt_document":"","footnotes":""},"categories":[1],"tags":[],"class_list":["post-87404","post","type-post","status-publish","format-standard","has-post-thumbnail","hentry","category-guncel"],"_links":{"self":[{"href":"https:\/\/www.egemtv.com\/index.php?rest_route=\/wp\/v2\/posts\/87404","targetHints":{"allow":["GET"]}}],"collection":[{"href":"https:\/\/www.egemtv.com\/index.php?rest_route=\/wp\/v2\/posts"}],"about":[{"href":"https:\/\/www.egemtv.com\/index.php?rest_route=\/wp\/v2\/types\/post"}],"author":[{"embeddable":true,"href":"https:\/\/www.egemtv.com\/index.php?rest_route=\/wp\/v2\/users\/1"}],"replies":[{"embeddable":true,"href":"https:\/\/www.egemtv.com\/index.php?rest_route=%2Fwp%2Fv2%2Fcomments&post=87404"}],"version-history":[{"count":1,"href":"https:\/\/www.egemtv.com\/index.php?rest_route=\/wp\/v2\/posts\/87404\/revisions"}],"predecessor-version":[{"id":87406,"href":"https:\/\/www.egemtv.com\/index.php?rest_route=\/wp\/v2\/posts\/87404\/revisions\/87406"}],"wp:featuredmedia":[{"embeddable":true,"href":"https:\/\/www.egemtv.com\/index.php?rest_route=\/wp\/v2\/media\/87405"}],"wp:attachment":[{"href":"https:\/\/www.egemtv.com\/index.php?rest_route=%2Fwp%2Fv2%2Fmedia&parent=87404"}],"wp:term":[{"taxonomy":"category","embeddable":true,"href":"https:\/\/www.egemtv.com\/index.php?rest_route=%2Fwp%2Fv2%2Fcategories&post=87404"},{"taxonomy":"post_tag","embeddable":true,"href":"https:\/\/www.egemtv.com\/index.php?rest_route=%2Fwp%2Fv2%2Ftags&post=87404"}],"curies":[{"name":"wp","href":"https:\/\/api.w.org\/{rel}","templated":true}]}}