{"id":87401,"date":"2026-02-13T10:54:54","date_gmt":"2026-02-13T07:54:54","guid":{"rendered":"https:\/\/www.egemtv.com\/?p=87401"},"modified":"2026-02-13T10:54:55","modified_gmt":"2026-02-13T07:54:55","slug":"karacasuda-uyusturucu-operasyonu-3-torbaci-tutuklandi","status":"publish","type":"post","link":"https:\/\/www.egemtv.com\/?p=87401","title":{"rendered":"Karacasu\u2019da uyu\u015fturucu operasyonu: 3 torbac\u0131 tutukland\u0131"},"content":{"rendered":"<p>Ayd\u0131n\u2019\u0131n Karacasu il\u00e7esinde uyu\u015fturucu madde ticaretine y\u00f6nelik d\u00fczenlenen operasyonda 3 \u015f\u00fcpheli tutuklanarak cezaevine g\u00f6nderildi.<\/p>\n<p>Edinilen bilgiye g\u00f6re, Karacasu \u0130l\u00e7e Jandarma Komutanl\u0131\u011f\u0131 ile Narkotik Su\u00e7larla M\u00fccadele \u015eube M\u00fcd\u00fcrl\u00fc\u011f\u00fc ekipleri taraf\u0131ndan il\u00e7ede uyu\u015fturucu madde ticareti yapan \u015fah\u0131slara y\u00f6nelik y\u00fcr\u00fct\u00fclen \u00e7al\u0131\u015fmalar kapsam\u0131nda organize \u015fekilde faaliyet g\u00f6steren sokak sat\u0131c\u0131lar\u0131 tespit edildi. Yap\u0131lan teknik ve fiziki takip sonucunda uyu\u015fturucu maddelerin \u0130.\u015e. (54), \u0130.D. (41) erkek ve N.K. (43) kad\u0131n isimli \u015fah\u0131slar arac\u0131l\u0131\u011f\u0131yla piyasaya s\u00fcr\u00fcld\u00fc\u011f\u00fc belirlendi. Belirlenen adreslere d\u00fczenlenen operasyonda 11 gram metamfetamin, 3 adet kesici alet, 1 adet namlusu k\u0131salt\u0131lm\u0131\u015f pompal\u0131 t\u00fcfek, 5 adet cep telefonu ile 12 adet uyu\u015fturucu kullanma aparat\u0131 ele ge\u00e7irildi. Ele ge\u00e7irilen malzemelere el konulurken, \u015f\u00fcpheliler g\u00f6zalt\u0131na al\u0131nd\u0131.<\/p>\n<p>Jandarmadaki i\u015flemlerinin ard\u0131ndan adliyeye sevk edilen 3 \u015f\u00fcpheli, \u00e7\u0131kar\u0131ld\u0131klar\u0131 adli makamlarca tutuklanarak cezaevine g\u00f6nderildi.<br \/><\/p>\n","protected":false},"excerpt":{"rendered":"<p>Ayd\u0131n\u2019\u0131n Karacasu il\u00e7esinde uyu\u015fturucu madde ticaretine y\u00f6nelik d\u00fczenlenen operasyonda 3 \u015f\u00fcpheli tutuklanarak cezaevine g\u00f6nderildi. Edinilen bilgiye g\u00f6re, Karacasu \u0130l\u00e7e Jandarma Komutanl\u0131\u011f\u0131 ile Narkotik Su\u00e7larla M\u00fccadele \u015eube M\u00fcd\u00fcrl\u00fc\u011f\u00fc ekipleri taraf\u0131ndan il\u00e7ede uyu\u015fturucu madde ticareti yapan \u015fah\u0131slara y\u00f6nelik y\u00fcr\u00fct\u00fclen \u00e7al\u0131\u015fmalar kapsam\u0131nda organize \u015fekilde faaliyet g\u00f6steren sokak sat\u0131c\u0131lar\u0131 tespit edildi. Yap\u0131lan teknik ve fiziki takip sonucunda uyu\u015fturucu maddelerin&#8230;<\/p>\n","protected":false},"author":1,"featured_media":87402,"comment_status":"open","ping_status":"open","sticky":false,"template":"","format":"standard","meta":{"_crdt_document":"","footnotes":""},"categories":[5],"tags":[],"class_list":["post-87401","post","type-post","status-publish","format-standard","has-post-thumbnail","hentry","category-asayis"],"_links":{"self":[{"href":"https:\/\/www.egemtv.com\/index.php?rest_route=\/wp\/v2\/posts\/87401","targetHints":{"allow":["GET"]}}],"collection":[{"href":"https:\/\/www.egemtv.com\/index.php?rest_route=\/wp\/v2\/posts"}],"about":[{"href":"https:\/\/www.egemtv.com\/index.php?rest_route=\/wp\/v2\/types\/post"}],"author":[{"embeddable":true,"href":"https:\/\/www.egemtv.com\/index.php?rest_route=\/wp\/v2\/users\/1"}],"replies":[{"embeddable":true,"href":"https:\/\/www.egemtv.com\/index.php?rest_route=%2Fwp%2Fv2%2Fcomments&post=87401"}],"version-history":[{"count":1,"href":"https:\/\/www.egemtv.com\/index.php?rest_route=\/wp\/v2\/posts\/87401\/revisions"}],"predecessor-version":[{"id":87403,"href":"https:\/\/www.egemtv.com\/index.php?rest_route=\/wp\/v2\/posts\/87401\/revisions\/87403"}],"wp:featuredmedia":[{"embeddable":true,"href":"https:\/\/www.egemtv.com\/index.php?rest_route=\/wp\/v2\/media\/87402"}],"wp:attachment":[{"href":"https:\/\/www.egemtv.com\/index.php?rest_route=%2Fwp%2Fv2%2Fmedia&parent=87401"}],"wp:term":[{"taxonomy":"category","embeddable":true,"href":"https:\/\/www.egemtv.com\/index.php?rest_route=%2Fwp%2Fv2%2Fcategories&post=87401"},{"taxonomy":"post_tag","embeddable":true,"href":"https:\/\/www.egemtv.com\/index.php?rest_route=%2Fwp%2Fv2%2Ftags&post=87401"}],"curies":[{"name":"wp","href":"https:\/\/api.w.org\/{rel}","templated":true}]}}