{"id":87398,"date":"2026-02-13T10:35:00","date_gmt":"2026-02-13T07:35:00","guid":{"rendered":"https:\/\/www.egemtv.com\/?p=87398"},"modified":"2026-02-13T10:35:01","modified_gmt":"2026-02-13T07:35:01","slug":"aslanapadan-mihalgaziye-dayanisma-mesaji-birlikte-guclu-birlikte-kararli","status":"publish","type":"post","link":"https:\/\/www.egemtv.com\/?p=87398","title":{"rendered":"Aslanapa\u2019dan Mihalgazi\u2019ye dayan\u0131\u015fma mesaj\u0131: &#8220;Birlikte g\u00fc\u00e7l\u00fc, birlikte kararl\u0131&#8221;"},"content":{"rendered":"<p>K\u00fctahya\u2019n\u0131n Aslanapa Belediyesi, Eski\u015fehir\u2019deki Mihalgazi Belediyesi\u2019ne destek amac\u0131yla anlaml\u0131 bir bulu\u015fma ger\u00e7ekle\u015ftirdi.<br \/>\n<br \/>Program kapsam\u0131nda, AK Partili Aslanapa Belediye Ba\u015fkanvekili K\u0131smet Y\u0131lmaz ile Gire\u011fi Ovas\u0131\u2019n\u0131n y\u00fcrekli anneleri bir araya geldi. \u015ealvarlar\u0131 ve beyaz ba\u015f\u00f6rt\u00fcleriyle bulu\u015fmaya kat\u0131lan kad\u0131nlar, al\u0131n terinin, eme\u011fin ve cesaretin simgesi olarak tek y\u00fcrek oldu. Ger\u00e7ekle\u015ftirilen bulu\u015fman\u0131n yaln\u0131zca bir destek ziyareti olmad\u0131\u011f\u0131na dikkat \u00e7ekilirken; etkinli\u011fin ayn\u0131 zamanda dayan\u0131\u015fman\u0131n, karde\u015fli\u011fin ve Anadolu kad\u0131n\u0131n\u0131n vakur duru\u015funun en anlaml\u0131 g\u00f6stergelerinden biri oldu\u011fu vurguland\u0131.<br \/>\n<br \/>Topra\u011f\u0131n bereketini ta\u015f\u0131yan ellerin, birlik ve beraberli\u011fin en g\u00fc\u00e7l\u00fc mesaj\u0131n\u0131 verdi\u011fi programda, &#8220;Kad\u0131n\u0131n oldu\u011fu yerde umut vard\u0131r, emek vard\u0131r, dirayet vard\u0131r. Omuz omuza verildi\u011finde a\u015f\u0131lmayacak engel yoktur. Birlikten kuvvet do\u011far; y\u00fcrekler bir olduk\u00e7a yar\u0131nlar daha ayd\u0131nl\u0131k olur&#8221; mesaj\u0131 payla\u015f\u0131ld\u0131.<br \/><\/p>\n","protected":false},"excerpt":{"rendered":"<p>K\u00fctahya\u2019n\u0131n Aslanapa Belediyesi, Eski\u015fehir\u2019deki Mihalgazi Belediyesi\u2019ne destek amac\u0131yla anlaml\u0131 bir bulu\u015fma ger\u00e7ekle\u015ftirdi. Program kapsam\u0131nda, AK Partili Aslanapa Belediye Ba\u015fkanvekili K\u0131smet Y\u0131lmaz ile Gire\u011fi Ovas\u0131\u2019n\u0131n y\u00fcrekli anneleri bir araya geldi. \u015ealvarlar\u0131 ve beyaz ba\u015f\u00f6rt\u00fcleriyle bulu\u015fmaya kat\u0131lan kad\u0131nlar, al\u0131n terinin, eme\u011fin ve cesaretin simgesi olarak tek y\u00fcrek oldu. Ger\u00e7ekle\u015ftirilen bulu\u015fman\u0131n yaln\u0131zca bir destek ziyareti olmad\u0131\u011f\u0131na dikkat \u00e7ekilirken;&#8230;<\/p>\n","protected":false},"author":1,"featured_media":87399,"comment_status":"open","ping_status":"open","sticky":false,"template":"","format":"standard","meta":{"_crdt_document":"","footnotes":""},"categories":[123],"tags":[],"class_list":["post-87398","post","type-post","status-publish","format-standard","has-post-thumbnail","hentry","category-gundem"],"_links":{"self":[{"href":"https:\/\/www.egemtv.com\/index.php?rest_route=\/wp\/v2\/posts\/87398","targetHints":{"allow":["GET"]}}],"collection":[{"href":"https:\/\/www.egemtv.com\/index.php?rest_route=\/wp\/v2\/posts"}],"about":[{"href":"https:\/\/www.egemtv.com\/index.php?rest_route=\/wp\/v2\/types\/post"}],"author":[{"embeddable":true,"href":"https:\/\/www.egemtv.com\/index.php?rest_route=\/wp\/v2\/users\/1"}],"replies":[{"embeddable":true,"href":"https:\/\/www.egemtv.com\/index.php?rest_route=%2Fwp%2Fv2%2Fcomments&post=87398"}],"version-history":[{"count":1,"href":"https:\/\/www.egemtv.com\/index.php?rest_route=\/wp\/v2\/posts\/87398\/revisions"}],"predecessor-version":[{"id":87400,"href":"https:\/\/www.egemtv.com\/index.php?rest_route=\/wp\/v2\/posts\/87398\/revisions\/87400"}],"wp:featuredmedia":[{"embeddable":true,"href":"https:\/\/www.egemtv.com\/index.php?rest_route=\/wp\/v2\/media\/87399"}],"wp:attachment":[{"href":"https:\/\/www.egemtv.com\/index.php?rest_route=%2Fwp%2Fv2%2Fmedia&parent=87398"}],"wp:term":[{"taxonomy":"category","embeddable":true,"href":"https:\/\/www.egemtv.com\/index.php?rest_route=%2Fwp%2Fv2%2Fcategories&post=87398"},{"taxonomy":"post_tag","embeddable":true,"href":"https:\/\/www.egemtv.com\/index.php?rest_route=%2Fwp%2Fv2%2Ftags&post=87398"}],"curies":[{"name":"wp","href":"https:\/\/api.w.org\/{rel}","templated":true}]}}