{"id":87395,"date":"2026-02-13T10:34:59","date_gmt":"2026-02-13T07:34:59","guid":{"rendered":"https:\/\/www.egemtv.com\/?p=87395"},"modified":"2026-02-13T10:35:00","modified_gmt":"2026-02-13T07:35:00","slug":"namnam-cayinda-su-seviyesi-yukseldi-yol-coktu","status":"publish","type":"post","link":"https:\/\/www.egemtv.com\/?p=87395","title":{"rendered":"Namnam \u00e7ay\u0131nda su seviyesi y\u00fckseldi, yol \u00e7\u00f6kt\u00fc"},"content":{"rendered":"<p>Mu\u011fla genelinde gece saatlerinden itibaren etkisini art\u0131ran \u015fiddetli sa\u011fanak ya\u011f\u0131\u015f Ula\u2019da etkili oldu. Ya\u011f\u0131\u015f sonras\u0131nda debisi y\u00fckselen Namnam \u00c7ay\u0131 etraf\u0131ndan ge\u00e7en karayolunda \u00e7\u00f6kme meydana geldi.<\/p>\n<p>Meteorolojik verilere g\u00f6re, b\u00f6lgede metrekareye 84,3 mm gibi y\u00fcksek bir oranda ya\u011f\u0131\u015f d\u00fc\u015ft\u00fc. Yo\u011fun ya\u011f\u0131\u015f\u0131n ard\u0131ndan K\u00f6yce\u011fiz s\u0131n\u0131rlar\u0131 i\u00e7erisinde yer alan Namnam \u00c7ay\u0131\u2019n\u0131n debisi ve su seviyesi kritik e\u015fi\u011fi a\u015ft\u0131. \u00c7ay\u0131n ta\u015fma riskine kar\u015f\u0131 \u00e7evredeki yerle\u015fim yerleri ve tar\u0131m arazilerinde vatanda\u015flar teyakkuza ge\u00e7irildi. Ula Kavak\u00e7al\u0131 Mahallesi\u2019ne ula\u015f\u0131m\u0131 sa\u011flayan yolda \u00e7\u00f6kme meydana geldi. Jandarma ekipleri b\u00f6lgeye gelerek yolu trafi\u011fe kapatt\u0131.<br \/>\n<br \/>Yetkililer, can ve mal kayb\u0131n\u0131n ya\u015fanmamas\u0131 ad\u0131na s\u00fcr\u00fcc\u00fcleri dere yataklar\u0131ndan uzak durmalar\u0131 ve acil durumlar d\u0131\u015f\u0131nda alternatif g\u00fczergahlar\u0131 tercih etmeleri konusunda uyard\u0131. Ya\u011f\u0131\u015flar\u0131n b\u00f6lgede etkisini s\u00fcrd\u00fcrece\u011fi tahmin edilirken, belediye ve AFAD ekiplerinin hasar tespit ve m\u00fcdahale \u00e7al\u0131\u015fmalar\u0131 devam ediyor.<br \/><\/p>\n","protected":false},"excerpt":{"rendered":"<p>Mu\u011fla genelinde gece saatlerinden itibaren etkisini art\u0131ran \u015fiddetli sa\u011fanak ya\u011f\u0131\u015f Ula\u2019da etkili oldu. Ya\u011f\u0131\u015f sonras\u0131nda debisi y\u00fckselen Namnam \u00c7ay\u0131 etraf\u0131ndan ge\u00e7en karayolunda \u00e7\u00f6kme meydana geldi. Meteorolojik verilere g\u00f6re, b\u00f6lgede metrekareye 84,3 mm gibi y\u00fcksek bir oranda ya\u011f\u0131\u015f d\u00fc\u015ft\u00fc. Yo\u011fun ya\u011f\u0131\u015f\u0131n ard\u0131ndan K\u00f6yce\u011fiz s\u0131n\u0131rlar\u0131 i\u00e7erisinde yer alan Namnam \u00c7ay\u0131\u2019n\u0131n debisi ve su seviyesi kritik e\u015fi\u011fi a\u015ft\u0131&#8230;.<\/p>\n","protected":false},"author":1,"featured_media":87396,"comment_status":"open","ping_status":"open","sticky":false,"template":"","format":"standard","meta":{"_crdt_document":"","footnotes":""},"categories":[1],"tags":[],"class_list":["post-87395","post","type-post","status-publish","format-standard","has-post-thumbnail","hentry","category-guncel"],"_links":{"self":[{"href":"https:\/\/www.egemtv.com\/index.php?rest_route=\/wp\/v2\/posts\/87395","targetHints":{"allow":["GET"]}}],"collection":[{"href":"https:\/\/www.egemtv.com\/index.php?rest_route=\/wp\/v2\/posts"}],"about":[{"href":"https:\/\/www.egemtv.com\/index.php?rest_route=\/wp\/v2\/types\/post"}],"author":[{"embeddable":true,"href":"https:\/\/www.egemtv.com\/index.php?rest_route=\/wp\/v2\/users\/1"}],"replies":[{"embeddable":true,"href":"https:\/\/www.egemtv.com\/index.php?rest_route=%2Fwp%2Fv2%2Fcomments&post=87395"}],"version-history":[{"count":1,"href":"https:\/\/www.egemtv.com\/index.php?rest_route=\/wp\/v2\/posts\/87395\/revisions"}],"predecessor-version":[{"id":87397,"href":"https:\/\/www.egemtv.com\/index.php?rest_route=\/wp\/v2\/posts\/87395\/revisions\/87397"}],"wp:featuredmedia":[{"embeddable":true,"href":"https:\/\/www.egemtv.com\/index.php?rest_route=\/wp\/v2\/media\/87396"}],"wp:attachment":[{"href":"https:\/\/www.egemtv.com\/index.php?rest_route=%2Fwp%2Fv2%2Fmedia&parent=87395"}],"wp:term":[{"taxonomy":"category","embeddable":true,"href":"https:\/\/www.egemtv.com\/index.php?rest_route=%2Fwp%2Fv2%2Fcategories&post=87395"},{"taxonomy":"post_tag","embeddable":true,"href":"https:\/\/www.egemtv.com\/index.php?rest_route=%2Fwp%2Fv2%2Ftags&post=87395"}],"curies":[{"name":"wp","href":"https:\/\/api.w.org\/{rel}","templated":true}]}}