{"id":87389,"date":"2026-02-13T10:14:37","date_gmt":"2026-02-13T07:14:37","guid":{"rendered":"https:\/\/www.egemtv.com\/?p=87389"},"modified":"2026-02-13T10:14:38","modified_gmt":"2026-02-13T07:14:38","slug":"yenipazarda-ogrenciler-icin-renkli-sosyal-sorumluluk-etkinligi","status":"publish","type":"post","link":"https:\/\/www.egemtv.com\/?p=87389","title":{"rendered":"Yenipazar\u2019da \u00f6\u011frenciler i\u00e7in renkli sosyal sorumluluk etkinli\u011fi"},"content":{"rendered":"<p>Ayd\u0131n\u2019\u0131n Yenipazar il\u00e7esinde T\u00fcrkiye Y\u00fczy\u0131l\u0131 Maarif Modeli kapsam\u0131nda \u00f6\u011frencilerin \u00e7ok y\u00f6nl\u00fc geli\u015fimini desteklemek amac\u0131yla Pa\u015fak\u00f6y \u0130lkokulu\u2019nda sosyal sorumluluk etkinli\u011fi d\u00fczenlendi.<\/p>\n<p>Yenipazar \u0130l\u00e7e Milli E\u011fitim M\u00fcd\u00fcrl\u00fc\u011f\u00fc \u00f6nc\u00fcl\u00fc\u011f\u00fcnde ger\u00e7ekle\u015ftirilen etkinlikte, Yenipazar Gen\u00e7lik Merkezi g\u00f6n\u00fcll\u00fc gen\u00e7leri \u00f6\u011frencilerle bir araya geldi. Okul bah\u00e7esinde kurulan oyun parkurlar\u0131yla \u00f6\u011frenciler hem doyas\u0131ya e\u011flendi hem de sosyal etkile\u015fimlerini g\u00fc\u00e7lendirme imkan\u0131 buldu. Etkinlik kapsam\u0131nda okul binas\u0131n\u0131n d\u0131\u015f cephesinde yap\u0131lan \u00e7izim ve boyama \u00e7al\u0131\u015fmalar\u0131yla e\u011fitim ortam\u0131 daha renkli ve motive edici bir g\u00f6r\u00fcn\u00fcme kavu\u015fturuldu. E\u011fitimin t\u00fcm payda\u015flar\u0131n\u0131 bir araya getiren etkinlikte \u00f6\u011frencilerin mutlulu\u011fu g\u00f6zlerinden okunurken, program sonunda \u00f6\u011frencilere madalya takdim edildi.<\/p>\n<p>Pa\u015fak\u00f6y \u0130lkokulu M\u00fcd\u00fcr\u00fc G\u00f6rsev Savc\u0131\u2019n\u0131n ev sahipli\u011finde ger\u00e7ekle\u015ftirilen programa Yenipazar Kaymakam\u0131 Murat Karata\u015f, \u0130l\u00e7e Milli E\u011fitim M\u00fcd\u00fcr\u00fc Yal\u00e7\u0131n \u00d6zen, \u0130l\u00e7e Milli E\u011fitim \u015eube M\u00fcd\u00fcr\u00fc Emrullah \u00c7olak, Yenipazar Gen\u00e7lik Merkezi M\u00fcd\u00fcr\u00fc Yunus \u015eahin, \u0130l\u00e7e Jandarma Komutan\u0131 Mustafa \u00d6zarslan, Emniyet Amiri Hac\u0131 Ali Katman ve Pa\u015fak\u00f6y Mahalle Muhtar\u0131 Ali K\u00f6seo\u011flu kat\u0131ld\u0131.<br \/><\/p>\n","protected":false},"excerpt":{"rendered":"<p>Ayd\u0131n\u2019\u0131n Yenipazar il\u00e7esinde T\u00fcrkiye Y\u00fczy\u0131l\u0131 Maarif Modeli kapsam\u0131nda \u00f6\u011frencilerin \u00e7ok y\u00f6nl\u00fc geli\u015fimini desteklemek amac\u0131yla Pa\u015fak\u00f6y \u0130lkokulu\u2019nda sosyal sorumluluk etkinli\u011fi d\u00fczenlendi. Yenipazar \u0130l\u00e7e Milli E\u011fitim M\u00fcd\u00fcrl\u00fc\u011f\u00fc \u00f6nc\u00fcl\u00fc\u011f\u00fcnde ger\u00e7ekle\u015ftirilen etkinlikte, Yenipazar Gen\u00e7lik Merkezi g\u00f6n\u00fcll\u00fc gen\u00e7leri \u00f6\u011frencilerle bir araya geldi. Okul bah\u00e7esinde kurulan oyun parkurlar\u0131yla \u00f6\u011frenciler hem doyas\u0131ya e\u011flendi hem de sosyal etkile\u015fimlerini g\u00fc\u00e7lendirme imkan\u0131 buldu. Etkinlik kapsam\u0131nda&#8230;<\/p>\n","protected":false},"author":1,"featured_media":87390,"comment_status":"open","ping_status":"open","sticky":false,"template":"","format":"standard","meta":{"_crdt_document":"","footnotes":""},"categories":[1],"tags":[],"class_list":["post-87389","post","type-post","status-publish","format-standard","has-post-thumbnail","hentry","category-guncel"],"_links":{"self":[{"href":"https:\/\/www.egemtv.com\/index.php?rest_route=\/wp\/v2\/posts\/87389","targetHints":{"allow":["GET"]}}],"collection":[{"href":"https:\/\/www.egemtv.com\/index.php?rest_route=\/wp\/v2\/posts"}],"about":[{"href":"https:\/\/www.egemtv.com\/index.php?rest_route=\/wp\/v2\/types\/post"}],"author":[{"embeddable":true,"href":"https:\/\/www.egemtv.com\/index.php?rest_route=\/wp\/v2\/users\/1"}],"replies":[{"embeddable":true,"href":"https:\/\/www.egemtv.com\/index.php?rest_route=%2Fwp%2Fv2%2Fcomments&post=87389"}],"version-history":[{"count":1,"href":"https:\/\/www.egemtv.com\/index.php?rest_route=\/wp\/v2\/posts\/87389\/revisions"}],"predecessor-version":[{"id":87391,"href":"https:\/\/www.egemtv.com\/index.php?rest_route=\/wp\/v2\/posts\/87389\/revisions\/87391"}],"wp:featuredmedia":[{"embeddable":true,"href":"https:\/\/www.egemtv.com\/index.php?rest_route=\/wp\/v2\/media\/87390"}],"wp:attachment":[{"href":"https:\/\/www.egemtv.com\/index.php?rest_route=%2Fwp%2Fv2%2Fmedia&parent=87389"}],"wp:term":[{"taxonomy":"category","embeddable":true,"href":"https:\/\/www.egemtv.com\/index.php?rest_route=%2Fwp%2Fv2%2Fcategories&post=87389"},{"taxonomy":"post_tag","embeddable":true,"href":"https:\/\/www.egemtv.com\/index.php?rest_route=%2Fwp%2Fv2%2Ftags&post=87389"}],"curies":[{"name":"wp","href":"https:\/\/api.w.org\/{rel}","templated":true}]}}