{"id":87386,"date":"2026-02-13T09:54:56","date_gmt":"2026-02-13T06:54:56","guid":{"rendered":"https:\/\/www.egemtv.com\/?p=87386"},"modified":"2026-02-13T09:54:57","modified_gmt":"2026-02-13T06:54:57","slug":"kepce-ile-carpisan-otomobilde-maddi-hasar-meydana-geldi","status":"publish","type":"post","link":"https:\/\/www.egemtv.com\/?p=87386","title":{"rendered":"Kep\u00e7e ile \u00e7arp\u0131\u015fan otomobilde maddi hasar meydana geldi"},"content":{"rendered":"<p>Denizli\u2019de seyir halindeki otomobil, kep\u00e7eye \u00e7arpmas\u0131 sonucu maddi hasar meydana geldi. Kazada yaralanan olmazken maddi hasar meydana geldi.<\/p>\n<p>Kaza, Merkezefendi il\u00e7esi \u0130lbade Mahallesi\u2019nde meydana geldi. Edinilen bilgilere g\u00f6re; Menderes Bulvar\u0131nda seyir halindeki 20 APD 327 plakal\u0131 otomobil, hen\u00fcz bilinmeyen plakal\u0131 kep\u00e7eye \u00e7arpt\u0131. \u00c7arpman\u0131n ard\u0131ndan otomobilde maddi hasar meydana geldi. Kazay\u0131 g\u00f6ren \u00e7evredeki vatanda\u015flar\u0131n ihbar\u0131 \u00fczerine polis ekibi sevk edildi.<\/p>\n<p>Kazada yaralanan olmazken otomobilde maddi hasar meydana geldi. Kazayla ilgili soru\u015fturma ba\u015flat\u0131ld\u0131.<br \/><\/p>\n","protected":false},"excerpt":{"rendered":"<p>Denizli\u2019de seyir halindeki otomobil, kep\u00e7eye \u00e7arpmas\u0131 sonucu maddi hasar meydana geldi. Kazada yaralanan olmazken maddi hasar meydana geldi. Kaza, Merkezefendi il\u00e7esi \u0130lbade Mahallesi\u2019nde meydana geldi. Edinilen bilgilere g\u00f6re; Menderes Bulvar\u0131nda seyir halindeki 20 APD 327 plakal\u0131 otomobil, hen\u00fcz bilinmeyen plakal\u0131 kep\u00e7eye \u00e7arpt\u0131. \u00c7arpman\u0131n ard\u0131ndan otomobilde maddi hasar meydana geldi. Kazay\u0131 g\u00f6ren \u00e7evredeki vatanda\u015flar\u0131n ihbar\u0131 \u00fczerine&#8230;<\/p>\n","protected":false},"author":1,"featured_media":87387,"comment_status":"open","ping_status":"open","sticky":false,"template":"","format":"standard","meta":{"_crdt_document":"","footnotes":""},"categories":[5],"tags":[],"class_list":["post-87386","post","type-post","status-publish","format-standard","has-post-thumbnail","hentry","category-asayis"],"_links":{"self":[{"href":"https:\/\/www.egemtv.com\/index.php?rest_route=\/wp\/v2\/posts\/87386","targetHints":{"allow":["GET"]}}],"collection":[{"href":"https:\/\/www.egemtv.com\/index.php?rest_route=\/wp\/v2\/posts"}],"about":[{"href":"https:\/\/www.egemtv.com\/index.php?rest_route=\/wp\/v2\/types\/post"}],"author":[{"embeddable":true,"href":"https:\/\/www.egemtv.com\/index.php?rest_route=\/wp\/v2\/users\/1"}],"replies":[{"embeddable":true,"href":"https:\/\/www.egemtv.com\/index.php?rest_route=%2Fwp%2Fv2%2Fcomments&post=87386"}],"version-history":[{"count":1,"href":"https:\/\/www.egemtv.com\/index.php?rest_route=\/wp\/v2\/posts\/87386\/revisions"}],"predecessor-version":[{"id":87388,"href":"https:\/\/www.egemtv.com\/index.php?rest_route=\/wp\/v2\/posts\/87386\/revisions\/87388"}],"wp:featuredmedia":[{"embeddable":true,"href":"https:\/\/www.egemtv.com\/index.php?rest_route=\/wp\/v2\/media\/87387"}],"wp:attachment":[{"href":"https:\/\/www.egemtv.com\/index.php?rest_route=%2Fwp%2Fv2%2Fmedia&parent=87386"}],"wp:term":[{"taxonomy":"category","embeddable":true,"href":"https:\/\/www.egemtv.com\/index.php?rest_route=%2Fwp%2Fv2%2Fcategories&post=87386"},{"taxonomy":"post_tag","embeddable":true,"href":"https:\/\/www.egemtv.com\/index.php?rest_route=%2Fwp%2Fv2%2Ftags&post=87386"}],"curies":[{"name":"wp","href":"https:\/\/api.w.org\/{rel}","templated":true}]}}