{"id":87383,"date":"2026-02-13T09:54:55","date_gmt":"2026-02-13T06:54:55","guid":{"rendered":"https:\/\/www.egemtv.com\/?p=87383"},"modified":"2026-02-13T09:54:56","modified_gmt":"2026-02-13T06:54:56","slug":"kusadasi-sevgililer-gununu-ibramaki-sanat-galerisinde-muzikle-karsiladi","status":"publish","type":"post","link":"https:\/\/www.egemtv.com\/?p=87383","title":{"rendered":"Ku\u015fadas\u0131 Sevgililer G\u00fcn\u00fc\u2019n\u00fc \u0130bramaki Sanat Galerisi\u2019nde m\u00fczikle kar\u015f\u0131lad\u0131"},"content":{"rendered":"<p>Ku\u015fadas\u0131 Belediyesi, 14 \u015eubat Sevgililer G\u00fcn\u00fc\u2019n\u00fc bu y\u0131l sanat\u0131n zarif dokunu\u015fuyla kar\u015f\u0131lad\u0131. Kentin k\u00fclt\u00fcr ve sanat hayat\u0131n\u0131n \u00f6nemli mek\u00e2nlar\u0131ndan biri olan \u0130bramaki Sanat Galerisi, Me\u015fk-i Ada T\u00fcrk Sanat M\u00fczi\u011fi Toplulu\u011fu\u2019nun konserine ev sahipli\u011fi yaparak unutulmaz bir ak\u015fama sahne oldu.<\/p>\n<p>Ku\u015fadas\u0131 Belediyesi\u2019nin katk\u0131 ve deste\u011fiyle d\u00fczenlenen programda, T\u00fcrk Sanat M\u00fczi\u011fi\u2019nin g\u00f6n\u00fcllere dokunan ve y\u0131llara meydan okuyan eserleri seslendirildi. A\u015fk\u0131n, sevdan\u0131n ve zarafetin notalara d\u00f6k\u00fcld\u00fc\u011f\u00fc g\u00fcnde salonu dolduran sanatseverler, m\u00fczi\u011fin b\u00fcy\u00fcl\u00fc atmosferinde adeta zamanda yolculu\u011fa \u00e7\u0131kt\u0131. Program\u0131n y\u00f6netmenli\u011fini piyanist U\u011fur Filiz \u00fcstlenirken, klarnet sanat\u00e7\u0131s\u0131 Alaeddin G\u00f6zetlik\u2019in ustal\u0131kla icra etti\u011fi taksimler programa ayr\u0131 bir renk katt\u0131. Sekiz de\u011ferli ses sanat\u00e7\u0131s\u0131n\u0131n sahnedeki uyumu ve g\u00fc\u00e7l\u00fc yorumlar\u0131 ise dinleyicilerden tam not ald\u0131. Her bir eser, salonda yank\u0131lanan alk\u0131\u015flarla ta\u00e7land\u0131.<\/p>\n<p>Kat\u0131l\u0131m\u0131n olduk\u00e7a yo\u011fun oldu\u011fu konserde, T\u00fcrk Sanat M\u00fczi\u011fi repertuvar\u0131n\u0131n se\u00e7kin par\u00e7alar\u0131 b\u00fcy\u00fck bir titizlikle icra edildi. Kimi zaman h\u00fcz\u00fcnl\u00fc bir \u015fark\u0131n\u0131n na\u011fmelerinde duygulanan, kimi zaman k\u0131p\u0131r k\u0131p\u0131r melodilerle tempo tutan izleyiciler, Sevgililer G\u00fcn\u00fc\u2019n\u00fc sanat\u0131n inceli\u011fiyle kutlaman\u0131n mutlulu\u011funu ya\u015fad\u0131. M\u00fczi\u011fin birle\u015ftirici g\u00fcc\u00fcyle anlam kazanan Sevgililer G\u00fcn\u00fc, Ku\u015fadas\u0131\u2019nda bu y\u0131l notalarla, alk\u0131\u015flarla ve unutulmaz anlarla kar\u015f\u0131land\u0131.<br \/><\/p>\n","protected":false},"excerpt":{"rendered":"<p>Ku\u015fadas\u0131 Belediyesi, 14 \u015eubat Sevgililer G\u00fcn\u00fc\u2019n\u00fc bu y\u0131l sanat\u0131n zarif dokunu\u015fuyla kar\u015f\u0131lad\u0131. Kentin k\u00fclt\u00fcr ve sanat hayat\u0131n\u0131n \u00f6nemli mek\u00e2nlar\u0131ndan biri olan \u0130bramaki Sanat Galerisi, Me\u015fk-i Ada T\u00fcrk Sanat M\u00fczi\u011fi Toplulu\u011fu\u2019nun konserine ev sahipli\u011fi yaparak unutulmaz bir ak\u015fama sahne oldu. Ku\u015fadas\u0131 Belediyesi\u2019nin katk\u0131 ve deste\u011fiyle d\u00fczenlenen programda, T\u00fcrk Sanat M\u00fczi\u011fi\u2019nin g\u00f6n\u00fcllere dokunan ve y\u0131llara meydan okuyan&#8230;<\/p>\n","protected":false},"author":1,"featured_media":87384,"comment_status":"open","ping_status":"open","sticky":false,"template":"","format":"standard","meta":{"_crdt_document":"","footnotes":""},"categories":[1],"tags":[],"class_list":["post-87383","post","type-post","status-publish","format-standard","has-post-thumbnail","hentry","category-guncel"],"_links":{"self":[{"href":"https:\/\/www.egemtv.com\/index.php?rest_route=\/wp\/v2\/posts\/87383","targetHints":{"allow":["GET"]}}],"collection":[{"href":"https:\/\/www.egemtv.com\/index.php?rest_route=\/wp\/v2\/posts"}],"about":[{"href":"https:\/\/www.egemtv.com\/index.php?rest_route=\/wp\/v2\/types\/post"}],"author":[{"embeddable":true,"href":"https:\/\/www.egemtv.com\/index.php?rest_route=\/wp\/v2\/users\/1"}],"replies":[{"embeddable":true,"href":"https:\/\/www.egemtv.com\/index.php?rest_route=%2Fwp%2Fv2%2Fcomments&post=87383"}],"version-history":[{"count":1,"href":"https:\/\/www.egemtv.com\/index.php?rest_route=\/wp\/v2\/posts\/87383\/revisions"}],"predecessor-version":[{"id":87385,"href":"https:\/\/www.egemtv.com\/index.php?rest_route=\/wp\/v2\/posts\/87383\/revisions\/87385"}],"wp:featuredmedia":[{"embeddable":true,"href":"https:\/\/www.egemtv.com\/index.php?rest_route=\/wp\/v2\/media\/87384"}],"wp:attachment":[{"href":"https:\/\/www.egemtv.com\/index.php?rest_route=%2Fwp%2Fv2%2Fmedia&parent=87383"}],"wp:term":[{"taxonomy":"category","embeddable":true,"href":"https:\/\/www.egemtv.com\/index.php?rest_route=%2Fwp%2Fv2%2Fcategories&post=87383"},{"taxonomy":"post_tag","embeddable":true,"href":"https:\/\/www.egemtv.com\/index.php?rest_route=%2Fwp%2Fv2%2Ftags&post=87383"}],"curies":[{"name":"wp","href":"https:\/\/api.w.org\/{rel}","templated":true}]}}