{"id":87380,"date":"2026-02-13T09:54:54","date_gmt":"2026-02-13T06:54:54","guid":{"rendered":"https:\/\/www.egemtv.com\/?p=87380"},"modified":"2026-02-13T09:54:55","modified_gmt":"2026-02-13T06:54:55","slug":"teknolojinin-tarihi-bu-muzede-sergileniyor","status":"publish","type":"post","link":"https:\/\/www.egemtv.com\/?p=87380","title":{"rendered":"Teknolojinin tarihi bu m\u00fczede sergileniyor"},"content":{"rendered":"<p>Ege \u00dcniversitesi Uluslararas\u0131 Bilgisayar Enstit\u00fcs\u00fc (UBE) taraf\u0131ndan teknoloji tarihinin \u00f6nemli par\u00e7alar\u0131n\u0131 dijital ortamda korumak, ilgililerle bulu\u015fturmak ve gelecek nesillere aktarmak amac\u0131yla &#8220;UBE Bilgisayar Bile\u015fenleri Sanal M\u00fczesi&#8221; olu\u015fturuldu.<br \/>\n<br \/>Enstit\u00fc M\u00fcd\u00fcr\u00fc Prof. Dr. Geylani Karda\u015f\u2019\u0131n fikri ile Dr. \u00d6\u011fr. \u00dcyesi G\u00fcl Boztok Alg\u0131n\u2019\u0131n dan\u0131\u015fmanl\u0131\u011f\u0131nda hayata ge\u00e7irilen proje, \u0130\u015eKUR Gen\u00e7lik Program\u0131 kapsam\u0131nda \u00e7al\u0131\u015fan \u00f6\u011frencilerin etkin kat\u0131l\u0131m\u0131yla be\u011feniye sunuldu. Ege \u00dcniversitesi Rekt\u00f6r\u00fc Prof. Dr. Musa Alc\u0131, Rekt\u00f6r Yard\u0131mc\u0131lar\u0131 Prof. Dr. Aydo\u011fan Savran, Prof. Dr. Tahir Ya\u011fd\u0131 ve Prof. Dr. Mehmet Ersan; Enstit\u00fc y\u00f6netimi ile bir araya gelerek a\u00e7\u0131lan m\u00fcze hakk\u0131nda bilgi ald\u0131.<br \/>\n<br \/>Rekt\u00f6r Prof. Dr. Alc\u0131, &#8220;Teknolojinin zaman i\u00e7erisindeki de\u011fi\u015fimini ve gelinen noktay\u0131 g\u00f6zler \u00f6n\u00fcne seren bu m\u00fczenin olu\u015fturulmas\u0131nda eme\u011fi ge\u00e7en hocalar\u0131m\u0131z\u0131 ve \u00f6\u011frencilerimizi tebrik ediyorum&#8221; diye konu\u015ftu.<br \/>\n<br \/>Sanal M\u00fcze hakk\u0131nda bilgi veren Prof. Dr. Geylani Karda\u015f, &#8220;UBE Bilgisayar Bile\u015fenleri Sanal M\u00fczesi, teknoloji tarihinin \u00f6nemli par\u00e7alar\u0131n\u0131 dijital ortamda korumak, ilgililerle bulu\u015fturmak ve gelecek nesillere aktarmak amac\u0131yla olu\u015fturulmu\u015f bir projedir. Bu m\u00fcze ile Enstit\u00fcm\u00fcz envanterindeki ikonik donan\u0131m bile\u015fenleri sanal bir ortamda sergilenerek bilgisayar teknolojisinin evrimi g\u00f6zler \u00f6n\u00fcne serilmektedir. M\u00fcze envanterindeki klasik i\u015flemcilerden eski a\u011f cihazlar\u0131na kadar bir\u00e7ok par\u00e7a, g\u00f6rselleri ve a\u00e7\u0131klay\u0131c\u0131 bilgileriyle sunulmaktad\u0131r. Her bir par\u00e7an\u0131n zaman i\u00e7indeki d\u00f6n\u00fc\u015f\u00fcm\u00fcn\u00fcn incelenmesi teknoloji d\u00fcnyas\u0131n\u0131n geli\u015fimini g\u00f6zler \u00f6n\u00fcne sermektedir&#8221; dedi.<\/p>\n<p>&#8220;M\u00fczemize zamandan ve mekandan ba\u011f\u0131ms\u0131z olarak eri\u015filebiliyor&#8221;<br \/>\n<br \/>M\u00fczenin sanal ortamda a\u00e7\u0131lmas\u0131n\u0131n nedenlerine de\u011finen Prof. Dr. Karda\u015f, &#8220;Sanal m\u00fczenin en b\u00fcy\u00fck avantajlar\u0131ndan biri, zamandan ve mek\u00e2ndan ba\u011f\u0131ms\u0131z olarak bu de\u011ferli koleksiyona eri\u015filebilmesidir. Fiziksel m\u00fczelerin s\u0131n\u0131rlar\u0131 a\u015f\u0131larak, teknoloji merakl\u0131lar\u0131n\u0131n, \u00f6\u011frencilerin ve ara\u015ft\u0131rmac\u0131lar\u0131n bu tarihi par\u00e7alar\u0131 detayl\u0131 olarak incelemelerine olanak sa\u011flanmaktad\u0131r. Her bir bile\u015fen, kendi d\u00f6neminin teknolojik ba\u015far\u0131lar\u0131n\u0131 ve tasar\u0131m anlay\u0131\u015f\u0131n\u0131 yans\u0131tmakta, bu sayede bilgisayar teknolojisinin nas\u0131l geli\u015fti\u011fi ve d\u00f6n\u00fc\u015ft\u00fc\u011f\u00fc g\u00f6zler \u00f6n\u00fcne serilmektedir. Sanal m\u00fczenin kurulu\u015f amac\u0131, bilgisayar teknolojisinin tarihsel geli\u015fimini belgelemek, e\u011fitim ama\u00e7l\u0131 kullan\u0131m i\u00e7in dijital kaynak sa\u011flamak ve teknoloji merakl\u0131lar\u0131na ge\u00e7mi\u015ften g\u00fcn\u00fcm\u00fcze bilgisayar bile\u015fenlerinin evrimini g\u00f6stermektir&#8221; diye konu\u015ftu.<br \/>\n<br \/>UBE Bilgisayar Bile\u015fenleri Sanal M\u00fczesine \u2018http:\/\/akademik.ube.ege.edu.tr\/sanalmuze\u2019 adresinden eri\u015fim sa\u011flanabiliyor.<br \/><\/p>\n","protected":false},"excerpt":{"rendered":"<p>Ege \u00dcniversitesi Uluslararas\u0131 Bilgisayar Enstit\u00fcs\u00fc (UBE) taraf\u0131ndan teknoloji tarihinin \u00f6nemli par\u00e7alar\u0131n\u0131 dijital ortamda korumak, ilgililerle bulu\u015fturmak ve gelecek nesillere aktarmak amac\u0131yla &#8220;UBE Bilgisayar Bile\u015fenleri Sanal M\u00fczesi&#8221; olu\u015fturuldu. Enstit\u00fc M\u00fcd\u00fcr\u00fc Prof. Dr. Geylani Karda\u015f\u2019\u0131n fikri ile Dr. \u00d6\u011fr. \u00dcyesi G\u00fcl Boztok Alg\u0131n\u2019\u0131n dan\u0131\u015fmanl\u0131\u011f\u0131nda hayata ge\u00e7irilen proje, \u0130\u015eKUR Gen\u00e7lik Program\u0131 kapsam\u0131nda \u00e7al\u0131\u015fan \u00f6\u011frencilerin etkin kat\u0131l\u0131m\u0131yla be\u011feniye sunuldu&#8230;.<\/p>\n","protected":false},"author":1,"featured_media":87381,"comment_status":"open","ping_status":"open","sticky":false,"template":"","format":"standard","meta":{"_crdt_document":"","footnotes":""},"categories":[1],"tags":[],"class_list":["post-87380","post","type-post","status-publish","format-standard","has-post-thumbnail","hentry","category-guncel"],"_links":{"self":[{"href":"https:\/\/www.egemtv.com\/index.php?rest_route=\/wp\/v2\/posts\/87380","targetHints":{"allow":["GET"]}}],"collection":[{"href":"https:\/\/www.egemtv.com\/index.php?rest_route=\/wp\/v2\/posts"}],"about":[{"href":"https:\/\/www.egemtv.com\/index.php?rest_route=\/wp\/v2\/types\/post"}],"author":[{"embeddable":true,"href":"https:\/\/www.egemtv.com\/index.php?rest_route=\/wp\/v2\/users\/1"}],"replies":[{"embeddable":true,"href":"https:\/\/www.egemtv.com\/index.php?rest_route=%2Fwp%2Fv2%2Fcomments&post=87380"}],"version-history":[{"count":1,"href":"https:\/\/www.egemtv.com\/index.php?rest_route=\/wp\/v2\/posts\/87380\/revisions"}],"predecessor-version":[{"id":87382,"href":"https:\/\/www.egemtv.com\/index.php?rest_route=\/wp\/v2\/posts\/87380\/revisions\/87382"}],"wp:featuredmedia":[{"embeddable":true,"href":"https:\/\/www.egemtv.com\/index.php?rest_route=\/wp\/v2\/media\/87381"}],"wp:attachment":[{"href":"https:\/\/www.egemtv.com\/index.php?rest_route=%2Fwp%2Fv2%2Fmedia&parent=87380"}],"wp:term":[{"taxonomy":"category","embeddable":true,"href":"https:\/\/www.egemtv.com\/index.php?rest_route=%2Fwp%2Fv2%2Fcategories&post=87380"},{"taxonomy":"post_tag","embeddable":true,"href":"https:\/\/www.egemtv.com\/index.php?rest_route=%2Fwp%2Fv2%2Ftags&post=87380"}],"curies":[{"name":"wp","href":"https:\/\/api.w.org\/{rel}","templated":true}]}}