{"id":87377,"date":"2026-02-13T09:54:53","date_gmt":"2026-02-13T06:54:53","guid":{"rendered":"https:\/\/www.egemtv.com\/?p=87377"},"modified":"2026-02-13T09:54:54","modified_gmt":"2026-02-13T06:54:54","slug":"temizlik-personelinin-buldugu-ziynet-esyasi-sahibine-teslim-edildi","status":"publish","type":"post","link":"https:\/\/www.egemtv.com\/?p=87377","title":{"rendered":"Temizlik personelinin buldu\u011fu ziynet e\u015fyas\u0131 sahibine teslim edildi"},"content":{"rendered":"<p>Nazilli Devlet Hastanesi bah\u00e7esinde temizlik \u00e7al\u0131\u015fmas\u0131 yapan personelin buldu\u011fu ziynet e\u015fyas\u0131, yap\u0131lan inceleme ve teyit i\u015flemlerinin ard\u0131ndan sahibine teslim edildi.<\/p>\n<p>Olay, ge\u00e7ti\u011fimiz g\u00fcnlerde hastane yerle\u015fkesinde meydana geldi. Edinilen bilgiye g\u00f6re, tedavi amac\u0131yla hastaneye gelen bir vatanda\u015f hastane bah\u00e7esinde bulundu\u011fu s\u0131rada ziynet e\u015fyas\u0131n\u0131 fark etmeden d\u00fc\u015f\u00fcrd\u00fc. G\u00fcn i\u00e7erisinde bah\u00e7ede s\u00fcrd\u00fcr\u00fclen rutin temizlik ve \u00e7evre d\u00fczenleme \u00e7al\u0131\u015fmalar\u0131 s\u0131ras\u0131nda temizlik personeli Ferdi \u015eim\u015fek buldu\u011fu ziynet e\u015fyas\u0131n\u0131 vakit kaybetmeden hastane y\u00f6netimine bildirdi. Personelin duyarl\u0131 davran\u0131\u015f\u0131 \u00fczerine ziynet e\u015fyas\u0131 tutanak alt\u0131na al\u0131narak muhafaza edildi. Hastane y\u00f6netimi taraf\u0131ndan g\u00fcvenlik birimleri arac\u0131l\u0131\u011f\u0131yla yap\u0131lan ara\u015ft\u0131rmalar neticesinde, kay\u0131p ba\u015fvurusunda bulunan vatanda\u015f\u0131n bilgileri ile bulunan e\u015fyan\u0131n \u00f6rt\u00fc\u015ft\u00fc\u011f\u00fc tespit edildi. Kimlik ve e\u015fya teyidinin ard\u0131ndan ziynet e\u015fyas\u0131 sahibine teslim edildi.<\/p>\n<p>Ziynet e\u015fyas\u0131n\u0131 teslim alan vatanda\u015f, sevincini ya\u015farken temizlik personeline ve hastane y\u00f6netimine te\u015fekk\u00fcr etti. Hastane y\u00f6neticileri ise kamu kurumlar\u0131nda g\u00f6rev yapan personelin dikkatli ve d\u00fcr\u00fcst davran\u0131\u015f\u0131n\u0131n \u00f6rnek te\u015fkil etti\u011fini belirterek, Ferdi \u015eim\u015fek\u2019e hassasiyeti dolay\u0131s\u0131yla te\u015fekk\u00fcr etti ve g\u00f6revinde ba\u015far\u0131lar diledi.<br \/><\/p>\n","protected":false},"excerpt":{"rendered":"<p>Nazilli Devlet Hastanesi bah\u00e7esinde temizlik \u00e7al\u0131\u015fmas\u0131 yapan personelin buldu\u011fu ziynet e\u015fyas\u0131, yap\u0131lan inceleme ve teyit i\u015flemlerinin ard\u0131ndan sahibine teslim edildi. Olay, ge\u00e7ti\u011fimiz g\u00fcnlerde hastane yerle\u015fkesinde meydana geldi. Edinilen bilgiye g\u00f6re, tedavi amac\u0131yla hastaneye gelen bir vatanda\u015f hastane bah\u00e7esinde bulundu\u011fu s\u0131rada ziynet e\u015fyas\u0131n\u0131 fark etmeden d\u00fc\u015f\u00fcrd\u00fc. G\u00fcn i\u00e7erisinde bah\u00e7ede s\u00fcrd\u00fcr\u00fclen rutin temizlik ve \u00e7evre d\u00fczenleme \u00e7al\u0131\u015fmalar\u0131&#8230;<\/p>\n","protected":false},"author":1,"featured_media":87378,"comment_status":"open","ping_status":"open","sticky":false,"template":"","format":"standard","meta":{"_crdt_document":"","footnotes":""},"categories":[1],"tags":[],"class_list":["post-87377","post","type-post","status-publish","format-standard","has-post-thumbnail","hentry","category-guncel"],"_links":{"self":[{"href":"https:\/\/www.egemtv.com\/index.php?rest_route=\/wp\/v2\/posts\/87377","targetHints":{"allow":["GET"]}}],"collection":[{"href":"https:\/\/www.egemtv.com\/index.php?rest_route=\/wp\/v2\/posts"}],"about":[{"href":"https:\/\/www.egemtv.com\/index.php?rest_route=\/wp\/v2\/types\/post"}],"author":[{"embeddable":true,"href":"https:\/\/www.egemtv.com\/index.php?rest_route=\/wp\/v2\/users\/1"}],"replies":[{"embeddable":true,"href":"https:\/\/www.egemtv.com\/index.php?rest_route=%2Fwp%2Fv2%2Fcomments&post=87377"}],"version-history":[{"count":1,"href":"https:\/\/www.egemtv.com\/index.php?rest_route=\/wp\/v2\/posts\/87377\/revisions"}],"predecessor-version":[{"id":87379,"href":"https:\/\/www.egemtv.com\/index.php?rest_route=\/wp\/v2\/posts\/87377\/revisions\/87379"}],"wp:featuredmedia":[{"embeddable":true,"href":"https:\/\/www.egemtv.com\/index.php?rest_route=\/wp\/v2\/media\/87378"}],"wp:attachment":[{"href":"https:\/\/www.egemtv.com\/index.php?rest_route=%2Fwp%2Fv2%2Fmedia&parent=87377"}],"wp:term":[{"taxonomy":"category","embeddable":true,"href":"https:\/\/www.egemtv.com\/index.php?rest_route=%2Fwp%2Fv2%2Fcategories&post=87377"},{"taxonomy":"post_tag","embeddable":true,"href":"https:\/\/www.egemtv.com\/index.php?rest_route=%2Fwp%2Fv2%2Ftags&post=87377"}],"curies":[{"name":"wp","href":"https:\/\/api.w.org\/{rel}","templated":true}]}}