{"id":87374,"date":"2026-02-13T09:54:52","date_gmt":"2026-02-13T06:54:52","guid":{"rendered":"https:\/\/www.egemtv.com\/?p=87374"},"modified":"2026-02-13T09:54:52","modified_gmt":"2026-02-13T06:54:52","slug":"somada-termik-santralden-yukselen-siyah-duman-kentin-solugunu-kesiyor","status":"publish","type":"post","link":"https:\/\/www.egemtv.com\/?p=87374","title":{"rendered":"Soma\u2019da, termik santralden y\u00fckselen siyah duman kentin solu\u011funu kesiyor"},"content":{"rendered":"<p>Manisa\u2019n\u0131n Soma il\u00e7esinde bacalar\u0131na filtre tak\u0131lmad\u0131\u011f\u0131 gerek\u00e7esiyle kapat\u0131lan TORKU\u2019ya ba\u011fl\u0131 Soma B Termik Santrali\u2019nin, \u015fehrin \u0131s\u0131nma ihtiyac\u0131n\u0131 kar\u015f\u0131lamak amac\u0131yla yeniden faaliyete ge\u00e7mesi \u00fczerine bacalar\u0131ndan siyah dumanlar y\u00fckselmeye ba\u015flad\u0131. Filtresiz bacadan \u00e7\u0131kan duman\u0131n neden oldu\u011fu kirlilik tepkilere neden oldu.<br \/>\n<br \/>2015 y\u0131l\u0131nda Soma Termik Santrali 685 milyon liraya sat\u0131n alan Konya \u015eeker, bor\u00e7lar\u0131 \u00f6demekte zorlanmaya ba\u015flad\u0131. B\u00fcnyesinde Torku gibi b\u00fcy\u00fck firmalar\u0131 bulunduran Konya \u015eeker, kamu i\u015ftiraki T\u00fcrkiye K\u00f6m\u00fcr \u0130\u015fletmeleri\u2019ne (TK\u0130) olan 18 milyar liral\u0131k borcunu \u00f6demekte zorluk ya\u015famaya ba\u015flad\u0131. Aylarca k\u00f6m\u00fcr \u00f6demesi yapamayan \u015firkete yeni teslimat yap\u0131lmad\u0131 ve yakla\u015f\u0131k 10 ay \u00f6nce Soma Termik Santrali\u2019nde \u00fcretim tamamen durduruldu. Aylard\u0131r kapal\u0131 olan santralde, Torku\u2019nun gerekli bak\u0131m ve yat\u0131r\u0131mlar\u0131 ger\u00e7ekle\u015ftirmedi\u011fi \u00f6ne s\u00fcr\u00fcl\u00fcrken, bu durum hem maden i\u015fletmelerini hem de b\u00f6lgede \u00e7al\u0131\u015fan i\u015f\u00e7ileri ve esnaf\u0131 olumsuz etkiliyor.<\/p>\n<p>K\u0131\u015f geldi santralden yine siyah dumanlar y\u00fckseldi<br \/>\n<br \/>K\u0131\u015f aylar\u0131n\u0131n ba\u015flamas\u0131yla birlikte, Soma\u2019daki 48 bin ki\u015finin \u0131s\u0131nma ihtiyac\u0131n\u0131 kar\u015f\u0131lamak amac\u0131yla baca gaz\u0131 filtresi olmadan yeniden \u00e7al\u0131\u015ft\u0131r\u0131lan santral, \u00e7evre ve insan sa\u011fl\u0131\u011f\u0131 a\u00e7\u0131s\u0131ndan ciddi risk olu\u015fturmaya ba\u015flad\u0131. Santral bir yandan kenti \u0131s\u0131t\u0131rken, bacalar\u0131ndan \u00e7\u0131kan siyah duman da halk\u0131n adeta nefesini kesiyor. G\u00f6ky\u00fcz\u00fcn\u00fc kaplayan duman kilometrelerce mesafeden g\u00f6r\u00fclebiliyor.<br \/>\n<br \/>Santralin kapat\u0131lma gerek\u00e7elerinin ba\u015f\u0131nda yer alan filtre eksikli\u011fine ra\u011fmen bacalar\u0131nda \u00f6nlem al\u0131nmadan \u00e7al\u0131\u015ft\u0131r\u0131lmas\u0131 \u00fczerine olu\u015fan hava kirlili\u011fi vatanda\u015flar\u0131n tepkilerine neden oluyor.<\/p>\n<p>Bakan Bayraktar, eyl\u00fcl ay\u0131nda santrali ziyaret etmi\u015fti<br \/>\n<br \/>Soma Termik Santrali, 10 y\u0131l boyunca hi\u00e7bir yat\u0131r\u0131m yap\u0131lmadan Konya \u015eeker taraf\u0131ndan \u00e7al\u0131\u015ft\u0131r\u0131lmaya devam etti. Baca gaz\u0131 filtresini takmayan firman\u0131n TK\u0130\u2019ye olan k\u00f6m\u00fcr borcunun da 18 milyar TL\u2019yi a\u015ft\u0131\u011f\u0131 \u00f6\u011frenildi. Eyl\u00fcl ay\u0131nda Soma\u2019y\u0131 ziyaret eden Enerji ve Tabii Kaynaklar Bakan\u0131 Alparslan Bayraktar, &#8220;Soma\u2019daki santralin i\u015fletmecisi maalesef iyi bir i\u015fletmecilik performans\u0131 ortaya koymad\u0131. Santralde yapmas\u0131 gereken yat\u0131r\u0131mlar\u0131 yapmad\u0131. Dolay\u0131s\u0131yla bu santrali daha buray\u0131 i\u015fletecek, daha profesyonelce i\u015fletecek bir oyuncuyla in\u015fallah bundan sonra yoluna devam edecek.&#8221; ifadelerini kullanm\u0131\u015ft\u0131.<br \/>\n<br \/>Bu arada TORKU taraf\u0131ndan i\u015fletilen Soma Termik Santralinin ak\u0131betinin, B\u00f6lgesel Is\u0131nma Sistemi kapsam\u0131nda evleri \u0131s\u0131tmak i\u00e7in kullan\u0131lan s\u0131cak suyun may\u0131s ay\u0131nda kapat\u0131lmas\u0131n\u0131n ard\u0131ndan belli olacak. 13 binden fazla s\u0131cak su abonesi bulunan B\u00f6lgesel Is\u0131tma Sisteminde 13 okul ve bir yurt olmak \u00fczere 8 bin 500 \u00f6\u011frenci ile 20\u2019ye yak\u0131n caminin de, santralde \u00fcretilen s\u0131cak su ile \u0131s\u0131nd\u0131\u011f\u0131 \u00f6\u011frenildi.<br \/><\/p>\n","protected":false},"excerpt":{"rendered":"<p>Manisa\u2019n\u0131n Soma il\u00e7esinde bacalar\u0131na filtre tak\u0131lmad\u0131\u011f\u0131 gerek\u00e7esiyle kapat\u0131lan TORKU\u2019ya ba\u011fl\u0131 Soma B Termik Santrali\u2019nin, \u015fehrin \u0131s\u0131nma ihtiyac\u0131n\u0131 kar\u015f\u0131lamak amac\u0131yla yeniden faaliyete ge\u00e7mesi \u00fczerine bacalar\u0131ndan siyah dumanlar y\u00fckselmeye ba\u015flad\u0131. Filtresiz bacadan \u00e7\u0131kan duman\u0131n neden oldu\u011fu kirlilik tepkilere neden oldu. 2015 y\u0131l\u0131nda Soma Termik Santrali 685 milyon liraya sat\u0131n alan Konya \u015eeker, bor\u00e7lar\u0131 \u00f6demekte zorlanmaya ba\u015flad\u0131. B\u00fcnyesinde&#8230;<\/p>\n","protected":false},"author":1,"featured_media":87375,"comment_status":"open","ping_status":"open","sticky":false,"template":"","format":"standard","meta":{"_crdt_document":"","footnotes":""},"categories":[1],"tags":[],"class_list":["post-87374","post","type-post","status-publish","format-standard","has-post-thumbnail","hentry","category-guncel"],"_links":{"self":[{"href":"https:\/\/www.egemtv.com\/index.php?rest_route=\/wp\/v2\/posts\/87374","targetHints":{"allow":["GET"]}}],"collection":[{"href":"https:\/\/www.egemtv.com\/index.php?rest_route=\/wp\/v2\/posts"}],"about":[{"href":"https:\/\/www.egemtv.com\/index.php?rest_route=\/wp\/v2\/types\/post"}],"author":[{"embeddable":true,"href":"https:\/\/www.egemtv.com\/index.php?rest_route=\/wp\/v2\/users\/1"}],"replies":[{"embeddable":true,"href":"https:\/\/www.egemtv.com\/index.php?rest_route=%2Fwp%2Fv2%2Fcomments&post=87374"}],"version-history":[{"count":1,"href":"https:\/\/www.egemtv.com\/index.php?rest_route=\/wp\/v2\/posts\/87374\/revisions"}],"predecessor-version":[{"id":87376,"href":"https:\/\/www.egemtv.com\/index.php?rest_route=\/wp\/v2\/posts\/87374\/revisions\/87376"}],"wp:featuredmedia":[{"embeddable":true,"href":"https:\/\/www.egemtv.com\/index.php?rest_route=\/wp\/v2\/media\/87375"}],"wp:attachment":[{"href":"https:\/\/www.egemtv.com\/index.php?rest_route=%2Fwp%2Fv2%2Fmedia&parent=87374"}],"wp:term":[{"taxonomy":"category","embeddable":true,"href":"https:\/\/www.egemtv.com\/index.php?rest_route=%2Fwp%2Fv2%2Fcategories&post=87374"},{"taxonomy":"post_tag","embeddable":true,"href":"https:\/\/www.egemtv.com\/index.php?rest_route=%2Fwp%2Fv2%2Ftags&post=87374"}],"curies":[{"name":"wp","href":"https:\/\/api.w.org\/{rel}","templated":true}]}}