{"id":87371,"date":"2026-02-13T09:54:50","date_gmt":"2026-02-13T06:54:50","guid":{"rendered":"https:\/\/www.egemtv.com\/?p=87371"},"modified":"2026-02-13T09:54:51","modified_gmt":"2026-02-13T06:54:51","slug":"aydinli-sporcu-turkiyeyi-temsil-edecek","status":"publish","type":"post","link":"https:\/\/www.egemtv.com\/?p=87371","title":{"rendered":"Ayd\u0131nl\u0131 sporcu T\u00fcrkiye\u2019yi temsil edecek"},"content":{"rendered":"<p>Ayd\u0131n\u2019da ya\u015fayan ve 12 ya\u015f\u0131ndayken yetenek taramas\u0131nda ke\u015ffedilerek spor hayat\u0131na ba\u015flayan milli sporcu Talha G\u00fclnihal, B\u00fcy\u00fckler 60 metre engelli bran\u015f\u0131nda Salon T\u00fcrkiye \u015eampiyonu olurken, S\u0131rbistan\u2019da ger\u00e7ekle\u015ftirilecek olan Balkan \u015eampiyonas\u0131\u2019nda T\u00fcrkiye\u2019yi temsil edecek.<\/p>\n<p>B\u00fcy\u00fckler 60 metre engelli bran\u015f\u0131nda sergiledi\u011fi \u00fcst\u00fcn performansla Salon T\u00fcrkiye \u015eampiyonu olan ve k\u00fcrs\u00fcn\u00fcn zirvesinde yer alan ba\u015far\u0131l\u0131 sporcu Talha G\u00fclnihal, \u015fimdi de uluslararas\u0131 arenada yeni bir gurur ya\u015fatmaya haz\u0131rlan\u0131yor. Ayd\u0131nl\u0131 sporcu 21 \u015eubat 2026 tarihinde S\u0131rbistan\u2019\u0131n Belgrad \u015fehrinde d\u00fczenlenecek olan B\u00fcy\u00fckler Salon Balkan \u015eampiyonas\u0131\u2019nda ay-y\u0131ld\u0131zl\u0131 formay\u0131 giyerek T\u00fcrkiye ve Ayd\u0131n\u2019\u0131 temsil edecek. 12 ya\u015f\u0131ndayken okullardaki yetenek taramas\u0131nda ke\u015ffedilen ve Ayd\u0131n Gen\u00e7lik ve Spor \u0130l M\u00fcd\u00fcrl\u00fc\u011f\u00fc b\u00fcnyesindeki Ayd\u0131n Sporcu E\u011fitim Merkezi\u2019nde (SEM) yeti\u015ferek bug\u00fcnlere gelen Talha G\u00fclnihal, Balkan \u015fampiyonlu\u011fu i\u00e7in \u00e7al\u0131\u015fmalar\u0131na ba\u015flad\u0131.<\/p>\n<p>Ba\u015far\u0131l\u0131 sporcuyu tebrik eden Ayd\u0131n Gen\u00e7lik ve Spor \u0130l M\u00fcd\u00fcrl\u00fc\u011f\u00fc\u2019nden yap\u0131lan a\u00e7\u0131klamada &#8220;2026 y\u0131l\u0131nda B\u00fcy\u00fckler kategorisinde yar\u0131\u015ft\u0131\u011f\u0131 ilk sezonda b\u00f6ylesine \u00f6nemli bir ba\u015far\u0131ya imza atarak Balkan \u015eampiyonas\u0131 vizesi alan Talha G\u00fclnihal, Ayd\u0131n spor camiam\u0131zda ve kurumumuzda b\u00fcy\u00fck bir sevin\u00e7le kar\u015f\u0131lanm\u0131\u015ft\u0131r. Altyap\u0131ya verdi\u011fimiz \u00f6nemin en g\u00fczel \u00f6rneklerinden biri olan ve gen\u00e7 sporcular\u0131m\u0131za azmiyle ilham veren milli sporcumuz Talha G\u00fclnihal\u2019i tebrik ediyor, Belgrad\u2019da verece\u011fi madalya m\u00fccadelesinde kendisine y\u00fcrekten ba\u015far\u0131lar diliyoruz&#8221; ifadeleri yer ald\u0131.<br \/><\/p>\n","protected":false},"excerpt":{"rendered":"<p>Ayd\u0131n\u2019da ya\u015fayan ve 12 ya\u015f\u0131ndayken yetenek taramas\u0131nda ke\u015ffedilerek spor hayat\u0131na ba\u015flayan milli sporcu Talha G\u00fclnihal, B\u00fcy\u00fckler 60 metre engelli bran\u015f\u0131nda Salon T\u00fcrkiye \u015eampiyonu olurken, S\u0131rbistan\u2019da ger\u00e7ekle\u015ftirilecek olan Balkan \u015eampiyonas\u0131\u2019nda T\u00fcrkiye\u2019yi temsil edecek. B\u00fcy\u00fckler 60 metre engelli bran\u015f\u0131nda sergiledi\u011fi \u00fcst\u00fcn performansla Salon T\u00fcrkiye \u015eampiyonu olan ve k\u00fcrs\u00fcn\u00fcn zirvesinde yer alan ba\u015far\u0131l\u0131 sporcu Talha G\u00fclnihal, \u015fimdi de&#8230;<\/p>\n","protected":false},"author":1,"featured_media":87372,"comment_status":"open","ping_status":"open","sticky":false,"template":"","format":"standard","meta":{"_crdt_document":"","footnotes":""},"categories":[4],"tags":[],"class_list":["post-87371","post","type-post","status-publish","format-standard","has-post-thumbnail","hentry","category-spor"],"_links":{"self":[{"href":"https:\/\/www.egemtv.com\/index.php?rest_route=\/wp\/v2\/posts\/87371","targetHints":{"allow":["GET"]}}],"collection":[{"href":"https:\/\/www.egemtv.com\/index.php?rest_route=\/wp\/v2\/posts"}],"about":[{"href":"https:\/\/www.egemtv.com\/index.php?rest_route=\/wp\/v2\/types\/post"}],"author":[{"embeddable":true,"href":"https:\/\/www.egemtv.com\/index.php?rest_route=\/wp\/v2\/users\/1"}],"replies":[{"embeddable":true,"href":"https:\/\/www.egemtv.com\/index.php?rest_route=%2Fwp%2Fv2%2Fcomments&post=87371"}],"version-history":[{"count":1,"href":"https:\/\/www.egemtv.com\/index.php?rest_route=\/wp\/v2\/posts\/87371\/revisions"}],"predecessor-version":[{"id":87373,"href":"https:\/\/www.egemtv.com\/index.php?rest_route=\/wp\/v2\/posts\/87371\/revisions\/87373"}],"wp:featuredmedia":[{"embeddable":true,"href":"https:\/\/www.egemtv.com\/index.php?rest_route=\/wp\/v2\/media\/87372"}],"wp:attachment":[{"href":"https:\/\/www.egemtv.com\/index.php?rest_route=%2Fwp%2Fv2%2Fmedia&parent=87371"}],"wp:term":[{"taxonomy":"category","embeddable":true,"href":"https:\/\/www.egemtv.com\/index.php?rest_route=%2Fwp%2Fv2%2Fcategories&post=87371"},{"taxonomy":"post_tag","embeddable":true,"href":"https:\/\/www.egemtv.com\/index.php?rest_route=%2Fwp%2Fv2%2Ftags&post=87371"}],"curies":[{"name":"wp","href":"https:\/\/api.w.org\/{rel}","templated":true}]}}