{"id":87368,"date":"2026-02-13T09:54:49","date_gmt":"2026-02-13T06:54:49","guid":{"rendered":"https:\/\/www.egemtv.com\/?p=87368"},"modified":"2026-02-13T09:54:50","modified_gmt":"2026-02-13T06:54:50","slug":"bayindir-ulku-ocaklari-10-yil-aradan-sonra-yeniden-acildi","status":"publish","type":"post","link":"https:\/\/www.egemtv.com\/?p=87368","title":{"rendered":"Bay\u0131nd\u0131r \u00dclk\u00fc Ocaklar\u0131, 10 y\u0131l aradan sonra yeniden a\u00e7\u0131ld\u0131"},"content":{"rendered":"<p>\u0130zmir\u2019in Bay\u0131nd\u0131r il\u00e7esinde \u00dclk\u00fc Ocaklar\u0131, 10 y\u0131ll\u0131k aran\u0131n ard\u0131ndan d\u00fczenlenen t\u00f6renle yeniden hizmete a\u00e7\u0131ld\u0131. A\u00e7\u0131l\u0131\u015f program\u0131na siyasi parti temsilcileri, kamu kurumu y\u00f6neticileri ve \u00e7ok say\u0131da vatanda\u015f kat\u0131ld\u0131.<br \/>\n<br \/>A\u00e7\u0131l\u0131\u015fa \u00dclk\u00fc Ocaklar\u0131 \u0130zmir \u0130l Te\u015fkilat Ba\u015fkan\u0131 \u0130brahim Dumanl\u0131, il ba\u015fkan yard\u0131mc\u0131lar\u0131 ve y\u00f6neticiler, il\u00e7e ocak ba\u015fkanlar\u0131, MHP Bay\u0131nd\u0131r \u0130l\u00e7e Ba\u015fkan\u0131 Mehmet Karakaya ve y\u00f6netimi, MHP Bay\u0131nd\u0131r Belediye Meclis \u00dcyesi ve K\u0131z\u0131lay \u0130l\u00e7e Ba\u015fkan\u0131 Osman Kadan, AK Parti Bay\u0131nd\u0131r \u0130l\u00e7e Ba\u015fkan\u0131 Mehmet Gelir, Bay\u0131nd\u0131r Devlet Hastanesi Ba\u015fhekimi Serkan Sivi\u015f ve Hastane M\u00fcd\u00fcr\u00fc Taner \u00d6ztenli, Bay\u0131nd\u0131r Emniyet M\u00fcd\u00fcr\u00fc \u00d6zg\u00fcr Din\u00e7, Bay\u0131nd\u0131r Jandarma Komutan\u0131 \u00dcste\u011fmen \u0130smail E\u015fmeli, \u0130l\u00e7e Sa\u011fl\u0131k M\u00fcd\u00fcr\u00fc Dil\u015fad Malko\u00e7, \u0130l\u00e7e Tar\u0131m M\u00fcd\u00fcr\u00fc Hasan Peynirci, Gen\u00e7lik ve Spor M\u00fcd\u00fcr\u00fc Erdal \u0130nce, siyasi parti ba\u015fkanlar\u0131, muhtarlar ve davetliler kat\u0131ld\u0131.<br \/>\n<br \/>Program, \u0130stiklal mar\u015f\u0131 ve Kur\u2019an-\u0131 Kerim tilavetiyle ba\u015flad\u0131. Yap\u0131lan dualar\u0131n ard\u0131ndan kurdele kesilerek yeni hizmet binas\u0131n\u0131n a\u00e7\u0131l\u0131\u015f\u0131 ger\u00e7ekle\u015ftirildi.<br \/>\n<br \/>T\u00f6rende konu\u015fan Bay\u0131nd\u0131r \u00dclk\u00fc Ocaklar\u0131 \u0130l\u00e7e Ba\u015fkan\u0131 Ahmet Da\u011fl\u0131o\u011flu, 10 y\u0131ll\u0131k aran\u0131n ard\u0131ndan oca\u011f\u0131n yeniden a\u00e7\u0131lmas\u0131n\u0131n \u00f6nemli bir ad\u0131m oldu\u011funu belirterek, &#8220;Bug\u00fcn yaln\u0131zca bir dernek kap\u0131s\u0131n\u0131 de\u011fil; edep, ilim ve irfan kap\u0131s\u0131n\u0131 yeniden a\u00e7\u0131yoruz. G\u00f6revimiz bina yapmak de\u011fil, sars\u0131lmaz karakterler in\u015fa etmektir. Elinde bilgisayar, kalbinde iman, y\u00fcre\u011finde vatan sevgisi olan bir nesil yeti\u015ftirmek istiyoruz&#8221; dedi.<br \/>\n<br \/>\u00dclk\u00fc Ocaklar\u0131 \u0130zmir \u0130l Te\u015fkilat Ba\u015fkan\u0131 \u0130brahim Dumanl\u0131 ise a\u00e7\u0131l\u0131\u015f\u0131n s\u0131radan bir bina a\u00e7\u0131l\u0131\u015f\u0131 olmad\u0131\u011f\u0131n\u0131 ifade ederek, &#8220;Bug\u00fcn 10 y\u0131ll\u0131k hasretle beklenen bir oca\u011f\u0131n ate\u015fini yeniden yak\u0131yoruz. \u00dclk\u00fc Ocaklar\u0131, T\u00fcrk gen\u00e7li\u011finin milli \u015fuurla yeti\u015fti\u011fi, ahlakl\u0131 ve disiplinli bir neslin in\u015fa edildi\u011fi bir irfan yuvas\u0131d\u0131r&#8221; diye konu\u015ftu.<br \/><\/p>\n","protected":false},"excerpt":{"rendered":"<p>\u0130zmir\u2019in Bay\u0131nd\u0131r il\u00e7esinde \u00dclk\u00fc Ocaklar\u0131, 10 y\u0131ll\u0131k aran\u0131n ard\u0131ndan d\u00fczenlenen t\u00f6renle yeniden hizmete a\u00e7\u0131ld\u0131. A\u00e7\u0131l\u0131\u015f program\u0131na siyasi parti temsilcileri, kamu kurumu y\u00f6neticileri ve \u00e7ok say\u0131da vatanda\u015f kat\u0131ld\u0131. A\u00e7\u0131l\u0131\u015fa \u00dclk\u00fc Ocaklar\u0131 \u0130zmir \u0130l Te\u015fkilat Ba\u015fkan\u0131 \u0130brahim Dumanl\u0131, il ba\u015fkan yard\u0131mc\u0131lar\u0131 ve y\u00f6neticiler, il\u00e7e ocak ba\u015fkanlar\u0131, MHP Bay\u0131nd\u0131r \u0130l\u00e7e Ba\u015fkan\u0131 Mehmet Karakaya ve y\u00f6netimi, MHP Bay\u0131nd\u0131r Belediye&#8230;<\/p>\n","protected":false},"author":1,"featured_media":87369,"comment_status":"open","ping_status":"open","sticky":false,"template":"","format":"standard","meta":{"_crdt_document":"","footnotes":""},"categories":[1],"tags":[],"class_list":["post-87368","post","type-post","status-publish","format-standard","has-post-thumbnail","hentry","category-guncel"],"_links":{"self":[{"href":"https:\/\/www.egemtv.com\/index.php?rest_route=\/wp\/v2\/posts\/87368","targetHints":{"allow":["GET"]}}],"collection":[{"href":"https:\/\/www.egemtv.com\/index.php?rest_route=\/wp\/v2\/posts"}],"about":[{"href":"https:\/\/www.egemtv.com\/index.php?rest_route=\/wp\/v2\/types\/post"}],"author":[{"embeddable":true,"href":"https:\/\/www.egemtv.com\/index.php?rest_route=\/wp\/v2\/users\/1"}],"replies":[{"embeddable":true,"href":"https:\/\/www.egemtv.com\/index.php?rest_route=%2Fwp%2Fv2%2Fcomments&post=87368"}],"version-history":[{"count":1,"href":"https:\/\/www.egemtv.com\/index.php?rest_route=\/wp\/v2\/posts\/87368\/revisions"}],"predecessor-version":[{"id":87370,"href":"https:\/\/www.egemtv.com\/index.php?rest_route=\/wp\/v2\/posts\/87368\/revisions\/87370"}],"wp:featuredmedia":[{"embeddable":true,"href":"https:\/\/www.egemtv.com\/index.php?rest_route=\/wp\/v2\/media\/87369"}],"wp:attachment":[{"href":"https:\/\/www.egemtv.com\/index.php?rest_route=%2Fwp%2Fv2%2Fmedia&parent=87368"}],"wp:term":[{"taxonomy":"category","embeddable":true,"href":"https:\/\/www.egemtv.com\/index.php?rest_route=%2Fwp%2Fv2%2Fcategories&post=87368"},{"taxonomy":"post_tag","embeddable":true,"href":"https:\/\/www.egemtv.com\/index.php?rest_route=%2Fwp%2Fv2%2Ftags&post=87368"}],"curies":[{"name":"wp","href":"https:\/\/api.w.org\/{rel}","templated":true}]}}