{"id":87365,"date":"2026-02-13T09:34:45","date_gmt":"2026-02-13T06:34:45","guid":{"rendered":"https:\/\/www.egemtv.com\/?p=87365"},"modified":"2026-02-13T09:34:46","modified_gmt":"2026-02-13T06:34:46","slug":"istasyon-kusadasinda-cevreci-egitim","status":"publish","type":"post","link":"https:\/\/www.egemtv.com\/?p=87365","title":{"rendered":"\u0130stasyon Ku\u015fadas\u0131\u2019nda \u00e7evreci e\u011fitim"},"content":{"rendered":"<p>\u0130stasyon Ku\u015fadas\u0131 Topluluk Merkezi, Habitat Derne\u011fi ve Ku\u015fadas\u0131 Belediyesi \u0130klim De\u011fi\u015fikli\u011fi ve S\u0131f\u0131r At\u0131k M\u00fcd\u00fcrl\u00fc\u011f\u00fc i\u015f birli\u011finde \u2018s\u00fcrd\u00fcr\u00fclebilirlik, \u00e7evre ve iklim fark\u0131ndal\u0131\u011f\u0131 ile su bilinci\u2019 konular\u0131nda d\u00fczenlenen e\u011fitim program\u0131na ev sahipli\u011fi yapt\u0131. Programa kat\u0131lan e\u011fitmenler daha sonra okullar\u0131 ziyaret ederek edindikleri bilgileri \u00f6\u011frencilerle payla\u015ft\u0131.<\/p>\n<p>S\u00fcrd\u00fcr\u00fclebilirlik e\u011fitim program\u0131 kapsam\u0131nda \u0130stasyon Ku\u015fadas\u0131\u2019nda yeni e\u011fitmenler kurs s\u00fcrecini ba\u015far\u0131yla tamamlad\u0131. E\u011fitim s\u00fcresince kat\u0131l\u0131mc\u0131lar interaktif i\u00e7erikler, uygulamal\u0131 at\u00f6lye \u00e7al\u0131\u015fmalar\u0131 ve deneyim temelli \u00f6\u011frenme y\u00f6ntemleriyle desteklendi. Program\u0131 tamamlayan e\u011fitmenler, edindikleri bilgi ve deneyimleri daha sonra okullarda \u00f6\u011frencilerle payla\u015ft\u0131. Bu kapsamda ger\u00e7ekle\u015ftirilen okul ziyaretlerinde iki g\u00fcn i\u00e7inde 540 \u00f6\u011frenciye ula\u015f\u0131ld\u0131.<\/p>\n<p>\u0130lerleyen g\u00fcnlerde de devam edecek olan okul ziyaretlerinde, \u00e7ocuklar\u0131n erken ya\u015fta \u00e7evre bilinci kazanmas\u0131, iklim de\u011fi\u015fikli\u011fi konusunda fark\u0131ndal\u0131k geli\u015ftirmesi ve su kaynaklar\u0131n\u0131n korunmas\u0131na y\u00f6nelik sorumluluk duygusuna sahip olmas\u0131 hedefleniyor. Deneyim odakl\u0131 i\u00e7eriklerle tasarlanan program, \u00f6\u011frencilerin aktif kat\u0131l\u0131m\u0131n\u0131 da te\u015fvik ediyor. Habitat Derne\u011fi ve Ku\u015fadas\u0131 Belediyesi taraf\u0131ndan y\u00fcr\u00fct\u00fclen \u00e7al\u0131\u015fma, yerel d\u00fczeyde s\u00fcrd\u00fcr\u00fclebilir kalk\u0131nmaya katk\u0131 sunmay\u0131 ve bilin\u00e7li nesillerin yeti\u015fmesine destek olmay\u0131 ama\u00e7l\u0131yor.<br \/><\/p>\n","protected":false},"excerpt":{"rendered":"<p>\u0130stasyon Ku\u015fadas\u0131 Topluluk Merkezi, Habitat Derne\u011fi ve Ku\u015fadas\u0131 Belediyesi \u0130klim De\u011fi\u015fikli\u011fi ve S\u0131f\u0131r At\u0131k M\u00fcd\u00fcrl\u00fc\u011f\u00fc i\u015f birli\u011finde \u2018s\u00fcrd\u00fcr\u00fclebilirlik, \u00e7evre ve iklim fark\u0131ndal\u0131\u011f\u0131 ile su bilinci\u2019 konular\u0131nda d\u00fczenlenen e\u011fitim program\u0131na ev sahipli\u011fi yapt\u0131. Programa kat\u0131lan e\u011fitmenler daha sonra okullar\u0131 ziyaret ederek edindikleri bilgileri \u00f6\u011frencilerle payla\u015ft\u0131. S\u00fcrd\u00fcr\u00fclebilirlik e\u011fitim program\u0131 kapsam\u0131nda \u0130stasyon Ku\u015fadas\u0131\u2019nda yeni e\u011fitmenler kurs s\u00fcrecini ba\u015far\u0131yla&#8230;<\/p>\n","protected":false},"author":1,"featured_media":87366,"comment_status":"open","ping_status":"open","sticky":false,"template":"","format":"standard","meta":{"_crdt_document":"","footnotes":""},"categories":[1],"tags":[],"class_list":["post-87365","post","type-post","status-publish","format-standard","has-post-thumbnail","hentry","category-guncel"],"_links":{"self":[{"href":"https:\/\/www.egemtv.com\/index.php?rest_route=\/wp\/v2\/posts\/87365","targetHints":{"allow":["GET"]}}],"collection":[{"href":"https:\/\/www.egemtv.com\/index.php?rest_route=\/wp\/v2\/posts"}],"about":[{"href":"https:\/\/www.egemtv.com\/index.php?rest_route=\/wp\/v2\/types\/post"}],"author":[{"embeddable":true,"href":"https:\/\/www.egemtv.com\/index.php?rest_route=\/wp\/v2\/users\/1"}],"replies":[{"embeddable":true,"href":"https:\/\/www.egemtv.com\/index.php?rest_route=%2Fwp%2Fv2%2Fcomments&post=87365"}],"version-history":[{"count":1,"href":"https:\/\/www.egemtv.com\/index.php?rest_route=\/wp\/v2\/posts\/87365\/revisions"}],"predecessor-version":[{"id":87367,"href":"https:\/\/www.egemtv.com\/index.php?rest_route=\/wp\/v2\/posts\/87365\/revisions\/87367"}],"wp:featuredmedia":[{"embeddable":true,"href":"https:\/\/www.egemtv.com\/index.php?rest_route=\/wp\/v2\/media\/87366"}],"wp:attachment":[{"href":"https:\/\/www.egemtv.com\/index.php?rest_route=%2Fwp%2Fv2%2Fmedia&parent=87365"}],"wp:term":[{"taxonomy":"category","embeddable":true,"href":"https:\/\/www.egemtv.com\/index.php?rest_route=%2Fwp%2Fv2%2Fcategories&post=87365"},{"taxonomy":"post_tag","embeddable":true,"href":"https:\/\/www.egemtv.com\/index.php?rest_route=%2Fwp%2Fv2%2Ftags&post=87365"}],"curies":[{"name":"wp","href":"https:\/\/api.w.org\/{rel}","templated":true}]}}