{"id":87362,"date":"2026-02-13T09:34:44","date_gmt":"2026-02-13T06:34:44","guid":{"rendered":"https:\/\/www.egemtv.com\/?p=87362"},"modified":"2026-02-13T09:34:45","modified_gmt":"2026-02-13T06:34:45","slug":"efelerde-pitaya-gucleniyor-projesi-incelendi","status":"publish","type":"post","link":"https:\/\/www.egemtv.com\/?p=87362","title":{"rendered":"&#8220;Efeler\u2019de Pitaya G\u00fc\u00e7leniyor&#8221; projesi incelendi"},"content":{"rendered":"<p>Ayd\u0131n\u2019\u0131n Efeler il\u00e7esinde Aile \u00c7ift\u00e7ili\u011finin Geli\u015ftirilmesi Projesi kapsam\u0131nda haz\u0131rlanan &#8220;Efeler\u2019de Pitaya G\u00fc\u00e7leniyor&#8221; projesi masaya yat\u0131r\u0131ld\u0131.<\/p>\n<p>Efeler \u0130l\u00e7e Tar\u0131m ve Orman M\u00fcd\u00fcrl\u00fc\u011f\u00fc taraf\u0131ndan yap\u0131lan payla\u015f\u0131mda, &#8220;Bakanl\u0131\u011f\u0131m\u0131zca uygulanmakta olan Aile \u00c7ift\u00e7ili\u011finin Geli\u015ftirilmesi Program\u0131 kapsam\u0131nda \u0130l\u00e7e M\u00fcd\u00fcrl\u00fc\u011f\u00fcm\u00fczce haz\u0131rlanan Efeler\u2019de Pitaya G\u00fc\u00e7leniyor projesinin sahadaki yans\u0131malar\u0131n\u0131 g\u00f6rmek amac\u0131yla, Bakanl\u0131\u011f\u0131m\u0131z E\u011fitim ve Yay\u0131n Dairesi Ba\u015fkanl\u0131\u011f\u0131 uzmanlar\u0131 \u00fcreticilerimize \u00e7e\u015fitli sorulardan olu\u015fan bir anket uygulad\u0131lar. Anket \u00e7al\u0131\u015fmas\u0131 tamamland\u0131ktan sonra heyet \u0130l\u00e7emiz Umurlu Mahallesinde pitaya \u00fcretimi yapan Mesude-Mehmet Tuncel \u00e7iftinin seras\u0131nda incelemelerde bulundu, \u00fcreticilerimizden pitayan\u0131n \u00fcretim s\u00fcreci ve \u00fcr\u00fcn kalitesi, proje kapsam\u0131nda hibe edilen f\u0131r\u0131nlar\u0131n \u00f6zellikleri, kurutma y\u00f6ntemleri ve nihai \u00fcr\u00fcn ile ilgili bilgiler ald\u0131lar&#8221; denildi.<br \/><\/p>\n","protected":false},"excerpt":{"rendered":"<p>Ayd\u0131n\u2019\u0131n Efeler il\u00e7esinde Aile \u00c7ift\u00e7ili\u011finin Geli\u015ftirilmesi Projesi kapsam\u0131nda haz\u0131rlanan &#8220;Efeler\u2019de Pitaya G\u00fc\u00e7leniyor&#8221; projesi masaya yat\u0131r\u0131ld\u0131. Efeler \u0130l\u00e7e Tar\u0131m ve Orman M\u00fcd\u00fcrl\u00fc\u011f\u00fc taraf\u0131ndan yap\u0131lan payla\u015f\u0131mda, &#8220;Bakanl\u0131\u011f\u0131m\u0131zca uygulanmakta olan Aile \u00c7ift\u00e7ili\u011finin Geli\u015ftirilmesi Program\u0131 kapsam\u0131nda \u0130l\u00e7e M\u00fcd\u00fcrl\u00fc\u011f\u00fcm\u00fczce haz\u0131rlanan Efeler\u2019de Pitaya G\u00fc\u00e7leniyor projesinin sahadaki yans\u0131malar\u0131n\u0131 g\u00f6rmek amac\u0131yla, Bakanl\u0131\u011f\u0131m\u0131z E\u011fitim ve Yay\u0131n Dairesi Ba\u015fkanl\u0131\u011f\u0131 uzmanlar\u0131 \u00fcreticilerimize \u00e7e\u015fitli sorulardan olu\u015fan bir&#8230;<\/p>\n","protected":false},"author":1,"featured_media":87363,"comment_status":"open","ping_status":"open","sticky":false,"template":"","format":"standard","meta":{"_crdt_document":"","footnotes":""},"categories":[1],"tags":[],"class_list":["post-87362","post","type-post","status-publish","format-standard","has-post-thumbnail","hentry","category-guncel"],"_links":{"self":[{"href":"https:\/\/www.egemtv.com\/index.php?rest_route=\/wp\/v2\/posts\/87362","targetHints":{"allow":["GET"]}}],"collection":[{"href":"https:\/\/www.egemtv.com\/index.php?rest_route=\/wp\/v2\/posts"}],"about":[{"href":"https:\/\/www.egemtv.com\/index.php?rest_route=\/wp\/v2\/types\/post"}],"author":[{"embeddable":true,"href":"https:\/\/www.egemtv.com\/index.php?rest_route=\/wp\/v2\/users\/1"}],"replies":[{"embeddable":true,"href":"https:\/\/www.egemtv.com\/index.php?rest_route=%2Fwp%2Fv2%2Fcomments&post=87362"}],"version-history":[{"count":1,"href":"https:\/\/www.egemtv.com\/index.php?rest_route=\/wp\/v2\/posts\/87362\/revisions"}],"predecessor-version":[{"id":87364,"href":"https:\/\/www.egemtv.com\/index.php?rest_route=\/wp\/v2\/posts\/87362\/revisions\/87364"}],"wp:featuredmedia":[{"embeddable":true,"href":"https:\/\/www.egemtv.com\/index.php?rest_route=\/wp\/v2\/media\/87363"}],"wp:attachment":[{"href":"https:\/\/www.egemtv.com\/index.php?rest_route=%2Fwp%2Fv2%2Fmedia&parent=87362"}],"wp:term":[{"taxonomy":"category","embeddable":true,"href":"https:\/\/www.egemtv.com\/index.php?rest_route=%2Fwp%2Fv2%2Fcategories&post=87362"},{"taxonomy":"post_tag","embeddable":true,"href":"https:\/\/www.egemtv.com\/index.php?rest_route=%2Fwp%2Fv2%2Ftags&post=87362"}],"curies":[{"name":"wp","href":"https:\/\/api.w.org\/{rel}","templated":true}]}}