{"id":87359,"date":"2026-02-13T09:34:43","date_gmt":"2026-02-13T06:34:43","guid":{"rendered":"https:\/\/www.egemtv.com\/?p=87359"},"modified":"2026-02-13T09:34:44","modified_gmt":"2026-02-13T06:34:44","slug":"menemen-turkellide-25-milyonluk-altyapi-hamlesi","status":"publish","type":"post","link":"https:\/\/www.egemtv.com\/?p=87359","title":{"rendered":"Menemen T\u00fcrkelli\u2019de 25 milyonluk altyap\u0131 hamlesi"},"content":{"rendered":"<p>Menemen T\u00fcrkelli\u2019de ya\u011f\u0131\u015fl\u0131 havalarda s\u00fcr\u00fcc\u00fcler ve yayalar i\u00e7in risk olu\u015fturan su birikmesi sorunu tarihe kar\u0131\u015f\u0131yor. \u0130zmir B\u00fcy\u00fck\u015fehir Belediyesi ve \u0130ZSU\u2019nun \u00f6z kaynaklar\u0131yla, 25 milyon liral\u0131k yat\u0131r\u0131mla y\u00fcr\u00fct\u00fclen 1,1 kilometrelik ya\u011fmur suyu hatt\u0131 \u00e7al\u0131\u015fmas\u0131 sayesinde trafik g\u00fcvenli\u011fi de art\u0131r\u0131lm\u0131\u015f olacak.<br \/>\n<br \/>Yo\u011fun ya\u011f\u0131\u015flarda su birikintileri nedeniyle s\u0131k s\u0131k sorun ya\u015fanan Menemen T\u00fcrkelli\u2019de kal\u0131c\u0131 altyap\u0131 \u00e7\u00f6z\u00fcm\u00fc hayata ge\u00e7iriliyor. \u0130zmir B\u00fcy\u00fck\u015fehir Belediyesi ve \u0130ZSU Genel M\u00fcd\u00fcrl\u00fc\u011f\u00fc taraf\u0131ndan \u00c7anakkale Karayolu ile T\u00fcrkelli Mahallesi kesi\u015fiminde ba\u015flat\u0131lan ya\u011fmur suyu hatt\u0131 \u00e7al\u0131\u015fmalar\u0131 h\u0131zla ilerliyor. \u0130ZSU Genel M\u00fcd\u00fcrl\u00fc\u011f\u00fc\u2019n\u00fcn \u00f6z kaynaklar\u0131yla, 25 milyon liral\u0131k yat\u0131r\u0131mla y\u00fcr\u00fct\u00fclen 1,1 kilometrelik hatt\u0131n 30 g\u00fcn i\u00e7inde tamamlanmas\u0131 hedefleniyor.<\/p>\n<p>Molva: \u00c7al\u0131\u015fman\u0131n y\u00fczde 40\u2019\u0131 tamamland\u0131<br \/>\n<br \/>Yo\u011fun trafik ve yaya sirk\u00fclasyonuna ra\u011fmen \u00e7al\u0131\u015fmalar\u0131n titizlikle s\u00fcrd\u00fcr\u00fcld\u00fc\u011f\u00fcn\u00fc belirten \u0130ZSU \u0130\u015fletmeler 1. B\u00f6lge Daire Ba\u015fkanl\u0131\u011f\u0131 Menemen Teknik \u015eube M\u00fcd\u00fcr\u00fc Murat Molva, \u015funlar\u0131 s\u00f6yledi: &#8220;Bu b\u00f6lgeden \u00f6zellikle ya\u011f\u0131\u015fl\u0131 d\u00f6nemlerde yo\u011fun \u015fik\u00e2yetler al\u0131yorduk. K\u0131sa s\u00fcrede projemizi haz\u0131rlayarak sahaya indik. Yakla\u015f\u0131k 1,1 kilometrelik ya\u011fmur suyu hatt\u0131 ile su birikintisi sorununu kal\u0131c\u0131 olarak \u00e7\u00f6z\u00fcme kavu\u015fturaca\u011f\u0131z. \u0130malat\u0131n 15\u2019inci g\u00fcn\u00fcndeyiz ve \u00e7al\u0131\u015fman\u0131n yakla\u015f\u0131k y\u00fczde 40\u2019\u0131n\u0131 tamamlad\u0131k. Proje tamamland\u0131\u011f\u0131nda T\u00fcrkelli Mahallesi \u00e7evresi ile \u00c7anakkale Karayolu ba\u011flant\u0131s\u0131nda y\u0131llard\u0131r ya\u015fanan ya\u011fmur suyu birikimi ve buna ba\u011fl\u0131 ula\u015f\u0131m sorunlar\u0131 sona erecek.&#8221;<\/p>\n<p>B\u00fcy\u00fck\u015fehir\u2019e te\u015fekk\u00fcr<br \/>\n<br \/>Menemen Y\u0131ld\u0131r\u0131m Mahallesi Muhtar\u0131 Mine \u00d6zcan, y\u00fcr\u00fct\u00fclen \u00e7al\u0131\u015fman\u0131n mahalle i\u00e7in b\u00fcy\u00fck \u00f6nem ta\u015f\u0131d\u0131\u011f\u0131n\u0131 belirterek, &#8220;Mahallemiz \u00e7ok eski bir yerle\u015fim alan\u0131. Uzun y\u0131llard\u0131r ya\u015fad\u0131\u011f\u0131m\u0131z g\u00f6lle\u015fme sorunu bu projeyle net ve kal\u0131c\u0131 bi\u00e7imde \u00e7\u00f6z\u00fcl\u00fcyor. B\u00f6lgenin kanayan yaras\u0131 sona erecek. Bu s\u00fcre\u00e7te desteklerini esirgemeyen \u0130ZSU y\u00f6neticilerine ve \u0130zmir B\u00fcy\u00fck\u015fehir Belediye Ba\u015fkan\u0131m\u0131z Dr. Cemil Tugay\u2019a te\u015fekk\u00fcr ediyorum&#8221; dedi.<\/p>\n<p>775 d\u00f6n\u00fcml\u00fck havzan\u0131n ya\u011fmur suyu g\u00fcvenle ta\u015f\u0131nacak<br \/>\n<br \/>Havza planlar\u0131 do\u011frultusunda y\u00fcr\u00fct\u00fclen projeyle yakla\u015f\u0131k 775 d\u00f6n\u00fcml\u00fck alanda olu\u015fan ya\u011fmur sular\u0131 toplanarak, 1000 ve 1400 milimetre \u00e7ap\u0131ndaki beton borular arac\u0131l\u0131\u011f\u0131yla Azapkan Deresi\u2019ne g\u00fcvenli \u015fekilde iletilecek. \u0130malat kapsam\u0131nda \u00e7e\u015fitli noktalarda muayene bacalar\u0131 ve ya\u011fmur suyu \u0131zgaralar\u0131 da yap\u0131lacak. \u00c7al\u0131\u015fmalar, yo\u011fun trafik ak\u0131\u015f\u0131 ve yaya sirk\u00fclasyonu dikkate al\u0131narak planlan\u0131rken, g\u00fcnl\u00fck ya\u015fam\u0131n ve ticari faaliyetlerin en az d\u00fczeyde etkilenmesi hedefleniyor.<br \/><\/p>\n","protected":false},"excerpt":{"rendered":"<p>Menemen T\u00fcrkelli\u2019de ya\u011f\u0131\u015fl\u0131 havalarda s\u00fcr\u00fcc\u00fcler ve yayalar i\u00e7in risk olu\u015fturan su birikmesi sorunu tarihe kar\u0131\u015f\u0131yor. \u0130zmir B\u00fcy\u00fck\u015fehir Belediyesi ve \u0130ZSU\u2019nun \u00f6z kaynaklar\u0131yla, 25 milyon liral\u0131k yat\u0131r\u0131mla y\u00fcr\u00fct\u00fclen 1,1 kilometrelik ya\u011fmur suyu hatt\u0131 \u00e7al\u0131\u015fmas\u0131 sayesinde trafik g\u00fcvenli\u011fi de art\u0131r\u0131lm\u0131\u015f olacak. Yo\u011fun ya\u011f\u0131\u015flarda su birikintileri nedeniyle s\u0131k s\u0131k sorun ya\u015fanan Menemen T\u00fcrkelli\u2019de kal\u0131c\u0131 altyap\u0131 \u00e7\u00f6z\u00fcm\u00fc hayata ge\u00e7iriliyor&#8230;.<\/p>\n","protected":false},"author":1,"featured_media":87360,"comment_status":"open","ping_status":"open","sticky":false,"template":"","format":"standard","meta":{"_crdt_document":"","footnotes":""},"categories":[1],"tags":[],"class_list":["post-87359","post","type-post","status-publish","format-standard","has-post-thumbnail","hentry","category-guncel"],"_links":{"self":[{"href":"https:\/\/www.egemtv.com\/index.php?rest_route=\/wp\/v2\/posts\/87359","targetHints":{"allow":["GET"]}}],"collection":[{"href":"https:\/\/www.egemtv.com\/index.php?rest_route=\/wp\/v2\/posts"}],"about":[{"href":"https:\/\/www.egemtv.com\/index.php?rest_route=\/wp\/v2\/types\/post"}],"author":[{"embeddable":true,"href":"https:\/\/www.egemtv.com\/index.php?rest_route=\/wp\/v2\/users\/1"}],"replies":[{"embeddable":true,"href":"https:\/\/www.egemtv.com\/index.php?rest_route=%2Fwp%2Fv2%2Fcomments&post=87359"}],"version-history":[{"count":1,"href":"https:\/\/www.egemtv.com\/index.php?rest_route=\/wp\/v2\/posts\/87359\/revisions"}],"predecessor-version":[{"id":87361,"href":"https:\/\/www.egemtv.com\/index.php?rest_route=\/wp\/v2\/posts\/87359\/revisions\/87361"}],"wp:featuredmedia":[{"embeddable":true,"href":"https:\/\/www.egemtv.com\/index.php?rest_route=\/wp\/v2\/media\/87360"}],"wp:attachment":[{"href":"https:\/\/www.egemtv.com\/index.php?rest_route=%2Fwp%2Fv2%2Fmedia&parent=87359"}],"wp:term":[{"taxonomy":"category","embeddable":true,"href":"https:\/\/www.egemtv.com\/index.php?rest_route=%2Fwp%2Fv2%2Fcategories&post=87359"},{"taxonomy":"post_tag","embeddable":true,"href":"https:\/\/www.egemtv.com\/index.php?rest_route=%2Fwp%2Fv2%2Ftags&post=87359"}],"curies":[{"name":"wp","href":"https:\/\/api.w.org\/{rel}","templated":true}]}}