{"id":87353,"date":"2026-02-13T09:15:16","date_gmt":"2026-02-13T06:15:16","guid":{"rendered":"https:\/\/www.egemtv.com\/?p=87353"},"modified":"2026-02-13T09:15:17","modified_gmt":"2026-02-13T06:15:17","slug":"nazillide-ogrenci-velilerinden-kan-bagisi-yarisi","status":"publish","type":"post","link":"https:\/\/www.egemtv.com\/?p=87353","title":{"rendered":"Nazilli\u2019de \u00f6\u011frenci velilerinden kan ba\u011f\u0131\u015f\u0131 yar\u0131\u015f\u0131"},"content":{"rendered":"<p>Ayd\u0131n\u2019\u0131n Nazilli il\u00e7esinde merkez Turan Ortaokulunda kan ba\u011f\u0131\u015f\u0131 kampanyas\u0131 d\u00fczenlendi. K\u0131z\u0131lay\u2019a kan ba\u011f\u0131\u015flamak i\u00e7in okula ak\u0131n eden veliler adeta birbirleri ile yar\u0131\u015ft\u0131.<\/p>\n<p>Ayd\u0131n K\u0131z\u0131lay Kan Ba\u011f\u0131\u015f\u0131 Merkezi\u2019nin Nazilli Turan Ortaokulu\u2019nda d\u00fczenledi\u011fi kan ba\u011f\u0131\u015f\u0131nda \u00f6\u011frenci velileri 84 \u00fcnite ba\u011f\u0131\u015f yapt\u0131. Yo\u011fun kat\u0131l\u0131mla ger\u00e7ekle\u015ftirilen kan ba\u011f\u0131\u015f\u0131 kampanyas\u0131nda kurulan \u00fcnitelerin \u00f6n\u00fcnde uzun kuyruklar olu\u015ftu.<\/p>\n<p>Okul M\u00fcd\u00fcr\u00fc Murat Turan ve okul aile birli\u011finin \u00f6nc\u00fcl\u00fc\u011f\u00fcnde ger\u00e7ekle\u015ftirilen kan ba\u011f\u0131\u015f\u0131 kampanyas\u0131 b\u00fcy\u00fck ilgi g\u00f6r\u00fcrken \u00f6\u011frencilere kan ba\u011f\u0131\u015f\u0131n\u0131n \u00f6nemi ile ilgili bilgiler de verildi. Nazilli Fenerbah\u00e7eliler Derne\u011fi \u00fcyesi velilerin kampanyaya destekleri ise g\u00f6zlerden ka\u00e7mad\u0131. Okul Aile Birli\u011finden yap\u0131lan bilgilendirmede kan ba\u011f\u0131\u015f\u0131 kampanyalar\u0131n\u0131n belli aral\u0131klarla s\u00fcrece\u011fi ve \u00f6\u011frencilere yard\u0131mla\u015fma, sosyal sorumluluk ve kan ba\u011f\u0131\u015f\u0131 bilinci a\u015f\u0131lanmas\u0131 i\u00e7in \u00e7al\u0131\u015fmalar\u0131n s\u00fcrece\u011fi belirtildi.<br \/><\/p>\n","protected":false},"excerpt":{"rendered":"<p>Ayd\u0131n\u2019\u0131n Nazilli il\u00e7esinde merkez Turan Ortaokulunda kan ba\u011f\u0131\u015f\u0131 kampanyas\u0131 d\u00fczenlendi. K\u0131z\u0131lay\u2019a kan ba\u011f\u0131\u015flamak i\u00e7in okula ak\u0131n eden veliler adeta birbirleri ile yar\u0131\u015ft\u0131. Ayd\u0131n K\u0131z\u0131lay Kan Ba\u011f\u0131\u015f\u0131 Merkezi\u2019nin Nazilli Turan Ortaokulu\u2019nda d\u00fczenledi\u011fi kan ba\u011f\u0131\u015f\u0131nda \u00f6\u011frenci velileri 84 \u00fcnite ba\u011f\u0131\u015f yapt\u0131. Yo\u011fun kat\u0131l\u0131mla ger\u00e7ekle\u015ftirilen kan ba\u011f\u0131\u015f\u0131 kampanyas\u0131nda kurulan \u00fcnitelerin \u00f6n\u00fcnde uzun kuyruklar olu\u015ftu. Okul M\u00fcd\u00fcr\u00fc Murat Turan&#8230;<\/p>\n","protected":false},"author":1,"featured_media":87354,"comment_status":"open","ping_status":"open","sticky":false,"template":"","format":"standard","meta":{"_crdt_document":"","footnotes":""},"categories":[2],"tags":[],"class_list":["post-87353","post","type-post","status-publish","format-standard","has-post-thumbnail","hentry","category-saglik"],"_links":{"self":[{"href":"https:\/\/www.egemtv.com\/index.php?rest_route=\/wp\/v2\/posts\/87353","targetHints":{"allow":["GET"]}}],"collection":[{"href":"https:\/\/www.egemtv.com\/index.php?rest_route=\/wp\/v2\/posts"}],"about":[{"href":"https:\/\/www.egemtv.com\/index.php?rest_route=\/wp\/v2\/types\/post"}],"author":[{"embeddable":true,"href":"https:\/\/www.egemtv.com\/index.php?rest_route=\/wp\/v2\/users\/1"}],"replies":[{"embeddable":true,"href":"https:\/\/www.egemtv.com\/index.php?rest_route=%2Fwp%2Fv2%2Fcomments&post=87353"}],"version-history":[{"count":1,"href":"https:\/\/www.egemtv.com\/index.php?rest_route=\/wp\/v2\/posts\/87353\/revisions"}],"predecessor-version":[{"id":87355,"href":"https:\/\/www.egemtv.com\/index.php?rest_route=\/wp\/v2\/posts\/87353\/revisions\/87355"}],"wp:featuredmedia":[{"embeddable":true,"href":"https:\/\/www.egemtv.com\/index.php?rest_route=\/wp\/v2\/media\/87354"}],"wp:attachment":[{"href":"https:\/\/www.egemtv.com\/index.php?rest_route=%2Fwp%2Fv2%2Fmedia&parent=87353"}],"wp:term":[{"taxonomy":"category","embeddable":true,"href":"https:\/\/www.egemtv.com\/index.php?rest_route=%2Fwp%2Fv2%2Fcategories&post=87353"},{"taxonomy":"post_tag","embeddable":true,"href":"https:\/\/www.egemtv.com\/index.php?rest_route=%2Fwp%2Fv2%2Ftags&post=87353"}],"curies":[{"name":"wp","href":"https:\/\/api.w.org\/{rel}","templated":true}]}}