{"id":87350,"date":"2026-02-13T06:54:37","date_gmt":"2026-02-13T03:54:37","guid":{"rendered":"https:\/\/www.egemtv.com\/?p=87350"},"modified":"2026-02-13T06:54:38","modified_gmt":"2026-02-13T03:54:38","slug":"izmirde-dereler-tasti-yeni-focayi-su-basti","status":"publish","type":"post","link":"https:\/\/www.egemtv.com\/?p=87350","title":{"rendered":"\u0130zmir\u2019de dereler ta\u015ft\u0131: Yeni Fo\u00e7a\u2019y\u0131 su bast\u0131"},"content":{"rendered":"<p>\u0130zmir\u2019in Fo\u00e7a il\u00e7esine ba\u011fl\u0131 Yeni Fo\u00e7a b\u00f6lgesinde gece ba\u015flayan \u015fiddetli sa\u011fanak ya\u011f\u0131\u015f su bask\u0131nlar\u0131na neden oldu.<br \/>\n<br \/>Fevzi \u00c7akmak Mahallesi\u2019nde bulunan \u015eavkl\u0131 Dere ve S\u0131cak Dere\u2019nin ta\u015fmas\u0131 sonucu sahil \u015feridi, pazaryeri ve i\u00e7 mahalle sokaklar\u0131 sular alt\u0131nda kald\u0131.<\/p>\n<p>Gece saatlerinden itibaren etkisini art\u0131ran ya\u011f\u0131\u015fla birlikte dere yataklar\u0131ndan ta\u015fan \u00e7amurlu sular yerle\u015fim yerlerine yay\u0131ld\u0131.<br \/>\n<br \/>\u0130\u00e7 kesimlerdeki cadde ve sokaklar derelerden gelen \u00e7amurlu sularla kaplan\u0131rken, sahil \u015feridinde ve mahalle aralar\u0131nda park halindeki baz\u0131 ara\u00e7lar su i\u00e7inde kald\u0131. Sahil band\u0131ndaki d\u00fckkanlar\u0131 ve evlerin zemin katlar\u0131n\u0131 su bast\u0131.<br \/>\n<br \/>Ya\u011f\u0131\u015f\u0131n halen devam etti\u011fi b\u00f6lgede sahil yolu ve mahalle aralar\u0131ndaki sokaklarda su seviyesi y\u00fckseliyor. Park halindeki \u00e7ok say\u0131da ara\u00e7 su i\u00e7inde kal\u0131rken, Ya\u011f\u0131\u015f\u0131n halen devam etti\u011fi B\u00f6lgedeki ta\u015fk\u0131n ve su bask\u0131nlar\u0131 etkisini s\u00fcrd\u00fcr\u00fcyor.<br \/><\/p>\n","protected":false},"excerpt":{"rendered":"<p>\u0130zmir\u2019in Fo\u00e7a il\u00e7esine ba\u011fl\u0131 Yeni Fo\u00e7a b\u00f6lgesinde gece ba\u015flayan \u015fiddetli sa\u011fanak ya\u011f\u0131\u015f su bask\u0131nlar\u0131na neden oldu. Fevzi \u00c7akmak Mahallesi\u2019nde bulunan \u015eavkl\u0131 Dere ve S\u0131cak Dere\u2019nin ta\u015fmas\u0131 sonucu sahil \u015feridi, pazaryeri ve i\u00e7 mahalle sokaklar\u0131 sular alt\u0131nda kald\u0131. Gece saatlerinden itibaren etkisini art\u0131ran ya\u011f\u0131\u015fla birlikte dere yataklar\u0131ndan ta\u015fan \u00e7amurlu sular yerle\u015fim yerlerine yay\u0131ld\u0131. \u0130\u00e7 kesimlerdeki cadde&#8230;<\/p>\n","protected":false},"author":1,"featured_media":87351,"comment_status":"open","ping_status":"open","sticky":false,"template":"","format":"standard","meta":{"_crdt_document":"","footnotes":""},"categories":[1],"tags":[],"class_list":["post-87350","post","type-post","status-publish","format-standard","has-post-thumbnail","hentry","category-guncel"],"_links":{"self":[{"href":"https:\/\/www.egemtv.com\/index.php?rest_route=\/wp\/v2\/posts\/87350","targetHints":{"allow":["GET"]}}],"collection":[{"href":"https:\/\/www.egemtv.com\/index.php?rest_route=\/wp\/v2\/posts"}],"about":[{"href":"https:\/\/www.egemtv.com\/index.php?rest_route=\/wp\/v2\/types\/post"}],"author":[{"embeddable":true,"href":"https:\/\/www.egemtv.com\/index.php?rest_route=\/wp\/v2\/users\/1"}],"replies":[{"embeddable":true,"href":"https:\/\/www.egemtv.com\/index.php?rest_route=%2Fwp%2Fv2%2Fcomments&post=87350"}],"version-history":[{"count":1,"href":"https:\/\/www.egemtv.com\/index.php?rest_route=\/wp\/v2\/posts\/87350\/revisions"}],"predecessor-version":[{"id":87352,"href":"https:\/\/www.egemtv.com\/index.php?rest_route=\/wp\/v2\/posts\/87350\/revisions\/87352"}],"wp:featuredmedia":[{"embeddable":true,"href":"https:\/\/www.egemtv.com\/index.php?rest_route=\/wp\/v2\/media\/87351"}],"wp:attachment":[{"href":"https:\/\/www.egemtv.com\/index.php?rest_route=%2Fwp%2Fv2%2Fmedia&parent=87350"}],"wp:term":[{"taxonomy":"category","embeddable":true,"href":"https:\/\/www.egemtv.com\/index.php?rest_route=%2Fwp%2Fv2%2Fcategories&post=87350"},{"taxonomy":"post_tag","embeddable":true,"href":"https:\/\/www.egemtv.com\/index.php?rest_route=%2Fwp%2Fv2%2Ftags&post=87350"}],"curies":[{"name":"wp","href":"https:\/\/api.w.org\/{rel}","templated":true}]}}