{"id":87347,"date":"2026-02-13T01:34:33","date_gmt":"2026-02-12T22:34:33","guid":{"rendered":"https:\/\/www.egemtv.com\/?p=87347"},"modified":"2026-02-13T01:34:34","modified_gmt":"2026-02-12T22:34:34","slug":"milli-savunma-bakanligi-izmir-aciklarinda-2-kazazede-sag-kurtarildi","status":"publish","type":"post","link":"https:\/\/www.egemtv.com\/?p=87347","title":{"rendered":"Milli Savunma Bakanl\u0131\u011f\u0131: &#8220;\u0130zmir a\u00e7\u0131klar\u0131nda 2 kazazede sa\u011f kurtar\u0131ld\u0131&#8221;"},"content":{"rendered":"<p>Milli Savunma Bakanl\u0131\u011f\u0131 (MSB), d\u00fcn Hava Kuvvetleri Komutanl\u0131\u011f\u0131 unsurlar\u0131nca \u0130zmir\u2019de Fo\u00e7a ile Karaburun aras\u0131nda batt\u0131\u011f\u0131 bildirilen g\u00f6\u00e7men botundaki 2 kazazedenin kurtar\u0131ld\u0131\u011f\u0131n\u0131 a\u00e7\u0131klad\u0131.<br \/>\n<br \/>Milli Savunma Bakanl\u0131\u011f\u0131 (MSB) sosyal medya hesab\u0131n yapt\u0131\u011f\u0131 payla\u015f\u0131mda &#8220;Fo\u00e7a ve Karaburun aras\u0131nda batt\u0131\u011f\u0131 bildirilen g\u00f6\u00e7men botu i\u00e7in Hava Kuvvetleri Komutanl\u0131\u011f\u0131m\u0131za ba\u011fl\u0131 helikopterimiz b\u00f6lgeye intikal ettirildi. \u015eiddetli r\u00fczgar, sa\u011fanak ya\u011f\u0131\u015f ve y\u00fcksek dalgal\u0131 denize ra\u011fmen, denizden kurtar\u0131lan iki kazazede Ege \u00dcniversitesi Hastanesi acil ekiplerine teslim edilerek g\u00f6rev ba\u015far\u0131yla tamamland\u0131&#8221; ifadelerine yer verildi.<br \/><\/p>\n","protected":false},"excerpt":{"rendered":"<p>Milli Savunma Bakanl\u0131\u011f\u0131 (MSB), d\u00fcn Hava Kuvvetleri Komutanl\u0131\u011f\u0131 unsurlar\u0131nca \u0130zmir\u2019de Fo\u00e7a ile Karaburun aras\u0131nda batt\u0131\u011f\u0131 bildirilen g\u00f6\u00e7men botundaki 2 kazazedenin kurtar\u0131ld\u0131\u011f\u0131n\u0131 a\u00e7\u0131klad\u0131. Milli Savunma Bakanl\u0131\u011f\u0131 (MSB) sosyal medya hesab\u0131n yapt\u0131\u011f\u0131 payla\u015f\u0131mda &#8220;Fo\u00e7a ve Karaburun aras\u0131nda batt\u0131\u011f\u0131 bildirilen g\u00f6\u00e7men botu i\u00e7in Hava Kuvvetleri Komutanl\u0131\u011f\u0131m\u0131za ba\u011fl\u0131 helikopterimiz b\u00f6lgeye intikal ettirildi. \u015eiddetli r\u00fczgar, sa\u011fanak ya\u011f\u0131\u015f ve y\u00fcksek dalgal\u0131&#8230;<\/p>\n","protected":false},"author":1,"featured_media":87348,"comment_status":"open","ping_status":"open","sticky":false,"template":"","format":"standard","meta":{"_crdt_document":"","footnotes":""},"categories":[5],"tags":[],"class_list":["post-87347","post","type-post","status-publish","format-standard","has-post-thumbnail","hentry","category-asayis"],"_links":{"self":[{"href":"https:\/\/www.egemtv.com\/index.php?rest_route=\/wp\/v2\/posts\/87347","targetHints":{"allow":["GET"]}}],"collection":[{"href":"https:\/\/www.egemtv.com\/index.php?rest_route=\/wp\/v2\/posts"}],"about":[{"href":"https:\/\/www.egemtv.com\/index.php?rest_route=\/wp\/v2\/types\/post"}],"author":[{"embeddable":true,"href":"https:\/\/www.egemtv.com\/index.php?rest_route=\/wp\/v2\/users\/1"}],"replies":[{"embeddable":true,"href":"https:\/\/www.egemtv.com\/index.php?rest_route=%2Fwp%2Fv2%2Fcomments&post=87347"}],"version-history":[{"count":1,"href":"https:\/\/www.egemtv.com\/index.php?rest_route=\/wp\/v2\/posts\/87347\/revisions"}],"predecessor-version":[{"id":87349,"href":"https:\/\/www.egemtv.com\/index.php?rest_route=\/wp\/v2\/posts\/87347\/revisions\/87349"}],"wp:featuredmedia":[{"embeddable":true,"href":"https:\/\/www.egemtv.com\/index.php?rest_route=\/wp\/v2\/media\/87348"}],"wp:attachment":[{"href":"https:\/\/www.egemtv.com\/index.php?rest_route=%2Fwp%2Fv2%2Fmedia&parent=87347"}],"wp:term":[{"taxonomy":"category","embeddable":true,"href":"https:\/\/www.egemtv.com\/index.php?rest_route=%2Fwp%2Fv2%2Fcategories&post=87347"},{"taxonomy":"post_tag","embeddable":true,"href":"https:\/\/www.egemtv.com\/index.php?rest_route=%2Fwp%2Fv2%2Ftags&post=87347"}],"curies":[{"name":"wp","href":"https:\/\/api.w.org\/{rel}","templated":true}]}}