{"id":87344,"date":"2026-02-12T23:34:45","date_gmt":"2026-02-12T20:34:45","guid":{"rendered":"https:\/\/www.egemtv.com\/?p=87344"},"modified":"2026-02-12T23:34:47","modified_gmt":"2026-02-12T20:34:47","slug":"bodrumda-iki-kopegin-silahla-vuruldugu-iddiasi","status":"publish","type":"post","link":"https:\/\/www.egemtv.com\/?p=87344","title":{"rendered":"Bodrum\u2019da iki k\u00f6pe\u011fin silahla vuruldu\u011fu iddias\u0131"},"content":{"rendered":"<p>Mu\u011fla\u2019n\u0131n Bodrum il\u00e7esinde iki k\u00f6pe\u011fin silahla vuruldu\u011fu iddias\u0131n\u0131n ard\u0131ndan olayla ilgili soru\u015fturma ba\u015flat\u0131ld\u0131.<br \/>\n<br \/>Edinilen bilgiye g\u00f6re, G\u00fcvercinlik Mahallesi\u2019nde iki el silah sesi duyan vatanda\u015flar, b\u00f6lgeye gittiklerinde iki k\u00f6pe\u011fi yaral\u0131 halde buldu. Can \u00e7eki\u015ftikleri g\u00f6r\u00fclen k\u00f6pekler i\u00e7in yard\u0131m istendi. \u0130hbar\u0131n ard\u0131ndan Bodrum Belediyesi Veteriner \u0130\u015fleri M\u00fcd\u00fcrl\u00fc\u011f\u00fc ve jandarma ekipleri olay yerine geldi. Veteriner \u0130\u015fleri M\u00fcd\u00fcrl\u00fc\u011f\u00fc ekiplerince yap\u0131lan kontrollerde iki k\u00f6pe\u011fin telef oldu\u011fu belirlendi.<br \/>\n<br \/>Mahalle sakinleri, sorumlular\u0131n tespit edilerek gereken cezan\u0131n verilmesini istedi. Jandarma ekipleri b\u00f6lgede inceleme yaparken olayla ilgili bir ki\u015fi g\u00f6zalt\u0131na al\u0131nd\u0131.<br \/><\/p>\n","protected":false},"excerpt":{"rendered":"<p>Mu\u011fla\u2019n\u0131n Bodrum il\u00e7esinde iki k\u00f6pe\u011fin silahla vuruldu\u011fu iddias\u0131n\u0131n ard\u0131ndan olayla ilgili soru\u015fturma ba\u015flat\u0131ld\u0131. Edinilen bilgiye g\u00f6re, G\u00fcvercinlik Mahallesi\u2019nde iki el silah sesi duyan vatanda\u015flar, b\u00f6lgeye gittiklerinde iki k\u00f6pe\u011fi yaral\u0131 halde buldu. Can \u00e7eki\u015ftikleri g\u00f6r\u00fclen k\u00f6pekler i\u00e7in yard\u0131m istendi. \u0130hbar\u0131n ard\u0131ndan Bodrum Belediyesi Veteriner \u0130\u015fleri M\u00fcd\u00fcrl\u00fc\u011f\u00fc ve jandarma ekipleri olay yerine geldi. Veteriner \u0130\u015fleri M\u00fcd\u00fcrl\u00fc\u011f\u00fc ekiplerince&#8230;<\/p>\n","protected":false},"author":1,"featured_media":87345,"comment_status":"open","ping_status":"open","sticky":false,"template":"","format":"standard","meta":{"_crdt_document":"","footnotes":""},"categories":[5],"tags":[],"class_list":["post-87344","post","type-post","status-publish","format-standard","has-post-thumbnail","hentry","category-asayis"],"_links":{"self":[{"href":"https:\/\/www.egemtv.com\/index.php?rest_route=\/wp\/v2\/posts\/87344","targetHints":{"allow":["GET"]}}],"collection":[{"href":"https:\/\/www.egemtv.com\/index.php?rest_route=\/wp\/v2\/posts"}],"about":[{"href":"https:\/\/www.egemtv.com\/index.php?rest_route=\/wp\/v2\/types\/post"}],"author":[{"embeddable":true,"href":"https:\/\/www.egemtv.com\/index.php?rest_route=\/wp\/v2\/users\/1"}],"replies":[{"embeddable":true,"href":"https:\/\/www.egemtv.com\/index.php?rest_route=%2Fwp%2Fv2%2Fcomments&post=87344"}],"version-history":[{"count":1,"href":"https:\/\/www.egemtv.com\/index.php?rest_route=\/wp\/v2\/posts\/87344\/revisions"}],"predecessor-version":[{"id":87346,"href":"https:\/\/www.egemtv.com\/index.php?rest_route=\/wp\/v2\/posts\/87344\/revisions\/87346"}],"wp:featuredmedia":[{"embeddable":true,"href":"https:\/\/www.egemtv.com\/index.php?rest_route=\/wp\/v2\/media\/87345"}],"wp:attachment":[{"href":"https:\/\/www.egemtv.com\/index.php?rest_route=%2Fwp%2Fv2%2Fmedia&parent=87344"}],"wp:term":[{"taxonomy":"category","embeddable":true,"href":"https:\/\/www.egemtv.com\/index.php?rest_route=%2Fwp%2Fv2%2Fcategories&post=87344"},{"taxonomy":"post_tag","embeddable":true,"href":"https:\/\/www.egemtv.com\/index.php?rest_route=%2Fwp%2Fv2%2Ftags&post=87344"}],"curies":[{"name":"wp","href":"https:\/\/api.w.org\/{rel}","templated":true}]}}