{"id":87335,"date":"2026-02-12T22:35:55","date_gmt":"2026-02-12T19:35:55","guid":{"rendered":"https:\/\/www.egemtv.com\/?p=87335"},"modified":"2026-02-12T22:35:57","modified_gmt":"2026-02-12T19:35:57","slug":"izmirde-derede-mahsur-kalan-3-kisi-kurtarildi","status":"publish","type":"post","link":"https:\/\/www.egemtv.com\/?p=87335","title":{"rendered":"\u0130zmir\u2019de derede mahsur kalan 3 ki\u015fi kurtar\u0131ld\u0131"},"content":{"rendered":"<p>\u0130zmir\u2019de etkili olan sa\u011fanak ya\u011f\u0131\u015f hayat\u0131 olumsuz etkilerken, derede mahsur kalan kamyonetteki 3 ki\u015fi ekiplerce kurtar\u0131ld\u0131.<br \/>\n<br \/>Menemen il\u00e7esi Emiralem K\u0131r Mahallesi\u2019nde meydana gelen olayda, mahallenin yukar\u0131 kesiminde seyir halinde olan ve plakas\u0131 \u00f6\u011frenilemeyen bir kamyonet, dere ge\u00e7i\u015fi s\u0131ras\u0131nda suyun y\u00fckselmesiyle mahsur kald\u0131. Ara\u00e7 kasas\u0131nda yard\u0131m bekleyen 3 vatanda\u015f, ihbar \u00fczerine b\u00f6lgeye gelen \u0130zmir B\u00fcy\u00fck\u015fehir Belediyesi \u0130tfaiye, Menemen Belediyesi MAKUR, AFAD, DS\u0130 ve Jandarma ekiplerinin \u00e7al\u0131\u015fmas\u0131yla i\u015f makinesi yard\u0131m\u0131yla bulunduklar\u0131 yerden al\u0131nd\u0131. Menemen Belediyesi Emiralem \u015eubesi\u2019nden yap\u0131lan a\u00e7\u0131klamada ise dolan g\u00f6letler ve debisi y\u00fckselen Gediz Nehri nedeniyle baz\u0131 \u00e7ay ve derelerin yata\u011f\u0131ndan \u00e7\u0131kt\u0131\u011f\u0131 belirtildi. Can kayb\u0131n\u0131n ya\u015fanmad\u0131\u011f\u0131 ifade edilen a\u00e7\u0131klamada, Eski De\u011firmendere ge\u00e7i\u015fi, K\u0131r Mahalle O\u00e7em yolu ve Tavuk Dam\u0131 ge\u00e7i\u015finin riskli oldu\u011fu gerek\u00e7esiyle kullan\u0131lmamas\u0131 gerekti\u011fi kaydedildi.<br \/><\/p>\n","protected":false},"excerpt":{"rendered":"<p>\u0130zmir\u2019de etkili olan sa\u011fanak ya\u011f\u0131\u015f hayat\u0131 olumsuz etkilerken, derede mahsur kalan kamyonetteki 3 ki\u015fi ekiplerce kurtar\u0131ld\u0131. Menemen il\u00e7esi Emiralem K\u0131r Mahallesi\u2019nde meydana gelen olayda, mahallenin yukar\u0131 kesiminde seyir halinde olan ve plakas\u0131 \u00f6\u011frenilemeyen bir kamyonet, dere ge\u00e7i\u015fi s\u0131ras\u0131nda suyun y\u00fckselmesiyle mahsur kald\u0131. Ara\u00e7 kasas\u0131nda yard\u0131m bekleyen 3 vatanda\u015f, ihbar \u00fczerine b\u00f6lgeye gelen \u0130zmir B\u00fcy\u00fck\u015fehir Belediyesi&#8230;<\/p>\n","protected":false},"author":1,"featured_media":87336,"comment_status":"open","ping_status":"open","sticky":false,"template":"","format":"standard","meta":{"_crdt_document":"","footnotes":""},"categories":[5],"tags":[],"class_list":["post-87335","post","type-post","status-publish","format-standard","has-post-thumbnail","hentry","category-asayis"],"_links":{"self":[{"href":"https:\/\/www.egemtv.com\/index.php?rest_route=\/wp\/v2\/posts\/87335","targetHints":{"allow":["GET"]}}],"collection":[{"href":"https:\/\/www.egemtv.com\/index.php?rest_route=\/wp\/v2\/posts"}],"about":[{"href":"https:\/\/www.egemtv.com\/index.php?rest_route=\/wp\/v2\/types\/post"}],"author":[{"embeddable":true,"href":"https:\/\/www.egemtv.com\/index.php?rest_route=\/wp\/v2\/users\/1"}],"replies":[{"embeddable":true,"href":"https:\/\/www.egemtv.com\/index.php?rest_route=%2Fwp%2Fv2%2Fcomments&post=87335"}],"version-history":[{"count":1,"href":"https:\/\/www.egemtv.com\/index.php?rest_route=\/wp\/v2\/posts\/87335\/revisions"}],"predecessor-version":[{"id":87337,"href":"https:\/\/www.egemtv.com\/index.php?rest_route=\/wp\/v2\/posts\/87335\/revisions\/87337"}],"wp:featuredmedia":[{"embeddable":true,"href":"https:\/\/www.egemtv.com\/index.php?rest_route=\/wp\/v2\/media\/87336"}],"wp:attachment":[{"href":"https:\/\/www.egemtv.com\/index.php?rest_route=%2Fwp%2Fv2%2Fmedia&parent=87335"}],"wp:term":[{"taxonomy":"category","embeddable":true,"href":"https:\/\/www.egemtv.com\/index.php?rest_route=%2Fwp%2Fv2%2Fcategories&post=87335"},{"taxonomy":"post_tag","embeddable":true,"href":"https:\/\/www.egemtv.com\/index.php?rest_route=%2Fwp%2Fv2%2Ftags&post=87335"}],"curies":[{"name":"wp","href":"https:\/\/api.w.org\/{rel}","templated":true}]}}