{"id":87332,"date":"2026-02-12T20:54:31","date_gmt":"2026-02-12T17:54:31","guid":{"rendered":"https:\/\/www.egemtv.com\/?p=87332"},"modified":"2026-02-12T20:54:32","modified_gmt":"2026-02-12T17:54:32","slug":"sokede-trafik-kazasi-1-yarali-3","status":"publish","type":"post","link":"https:\/\/www.egemtv.com\/?p=87332","title":{"rendered":"S\u00f6ke\u2019de trafik kazas\u0131: 1 yaral\u0131"},"content":{"rendered":"<p>Ayd\u0131n\u2019\u0131n S\u00f6ke il\u00e7esi A\u011fa\u00e7l\u0131 Kav\u015fa\u011f\u0131\u2019nda iki otomobilin kar\u0131\u015ft\u0131\u011f\u0131 trafik kazas\u0131nda 1 ki\u015fi yaraland\u0131.<\/p>\n<p>Edinilen bilgiye g\u00f6re, 09 AIB 292 plakal\u0131 otomobil ile 35 LBT 70 plakal\u0131 otomobil kav\u015fak i\u00e7erisinde hen\u00fcz belirlenemeyen bir nedenle \u00e7arp\u0131\u015ft\u0131. \u00c7arp\u0131\u015fman\u0131n \u015fiddetiyle 09 AIB 292 plakal\u0131 arac\u0131n s\u00fcr\u00fcc\u00fcs\u00fc C.\u00c7. yaraland\u0131. Kazay\u0131 g\u00f6ren vatanda\u015flar\u0131n ihbar\u0131 \u00fczerine olay yerine sa\u011fl\u0131k ve polis ekipleri sevk edildi. Yaral\u0131 s\u00fcr\u00fcc\u00fcye olay yerinde yap\u0131lan ilk m\u00fcdahalenin ard\u0131ndan ambulansla hastaneye kald\u0131r\u0131larak tedavi alt\u0131na al\u0131nd\u0131.<br \/>\n<br \/>Kazayla ilgili inceleme ba\u015flat\u0131ld\u0131.<br \/><\/p>\n","protected":false},"excerpt":{"rendered":"<p>Ayd\u0131n\u2019\u0131n S\u00f6ke il\u00e7esi A\u011fa\u00e7l\u0131 Kav\u015fa\u011f\u0131\u2019nda iki otomobilin kar\u0131\u015ft\u0131\u011f\u0131 trafik kazas\u0131nda 1 ki\u015fi yaraland\u0131. Edinilen bilgiye g\u00f6re, 09 AIB 292 plakal\u0131 otomobil ile 35 LBT 70 plakal\u0131 otomobil kav\u015fak i\u00e7erisinde hen\u00fcz belirlenemeyen bir nedenle \u00e7arp\u0131\u015ft\u0131. \u00c7arp\u0131\u015fman\u0131n \u015fiddetiyle 09 AIB 292 plakal\u0131 arac\u0131n s\u00fcr\u00fcc\u00fcs\u00fc C.\u00c7. yaraland\u0131. Kazay\u0131 g\u00f6ren vatanda\u015flar\u0131n ihbar\u0131 \u00fczerine olay yerine sa\u011fl\u0131k ve polis ekipleri&#8230;<\/p>\n","protected":false},"author":1,"featured_media":87333,"comment_status":"open","ping_status":"open","sticky":false,"template":"","format":"standard","meta":{"_crdt_document":"","footnotes":""},"categories":[5],"tags":[],"class_list":["post-87332","post","type-post","status-publish","format-standard","has-post-thumbnail","hentry","category-asayis"],"_links":{"self":[{"href":"https:\/\/www.egemtv.com\/index.php?rest_route=\/wp\/v2\/posts\/87332","targetHints":{"allow":["GET"]}}],"collection":[{"href":"https:\/\/www.egemtv.com\/index.php?rest_route=\/wp\/v2\/posts"}],"about":[{"href":"https:\/\/www.egemtv.com\/index.php?rest_route=\/wp\/v2\/types\/post"}],"author":[{"embeddable":true,"href":"https:\/\/www.egemtv.com\/index.php?rest_route=\/wp\/v2\/users\/1"}],"replies":[{"embeddable":true,"href":"https:\/\/www.egemtv.com\/index.php?rest_route=%2Fwp%2Fv2%2Fcomments&post=87332"}],"version-history":[{"count":1,"href":"https:\/\/www.egemtv.com\/index.php?rest_route=\/wp\/v2\/posts\/87332\/revisions"}],"predecessor-version":[{"id":87334,"href":"https:\/\/www.egemtv.com\/index.php?rest_route=\/wp\/v2\/posts\/87332\/revisions\/87334"}],"wp:featuredmedia":[{"embeddable":true,"href":"https:\/\/www.egemtv.com\/index.php?rest_route=\/wp\/v2\/media\/87333"}],"wp:attachment":[{"href":"https:\/\/www.egemtv.com\/index.php?rest_route=%2Fwp%2Fv2%2Fmedia&parent=87332"}],"wp:term":[{"taxonomy":"category","embeddable":true,"href":"https:\/\/www.egemtv.com\/index.php?rest_route=%2Fwp%2Fv2%2Fcategories&post=87332"},{"taxonomy":"post_tag","embeddable":true,"href":"https:\/\/www.egemtv.com\/index.php?rest_route=%2Fwp%2Fv2%2Ftags&post=87332"}],"curies":[{"name":"wp","href":"https:\/\/api.w.org\/{rel}","templated":true}]}}