{"id":87329,"date":"2026-02-12T18:54:50","date_gmt":"2026-02-12T15:54:50","guid":{"rendered":"https:\/\/www.egemtv.com\/?p=87329"},"modified":"2026-02-12T18:54:51","modified_gmt":"2026-02-12T15:54:51","slug":"manisada-saganak-yagis-seferberligi","status":"publish","type":"post","link":"https:\/\/www.egemtv.com\/?p=87329","title":{"rendered":"Manisa\u2019da \u2019sa\u011fanak ya\u011f\u0131\u015f\u2019 seferberli\u011fi"},"content":{"rendered":"<p>Manisa\u2019da etkili olan yo\u011fun ya\u011f\u0131\u015flara kar\u015f\u0131 Manisa B\u00fcy\u00fck\u015fehir Belediyesi ve MASK\u0130 Genel M\u00fcd\u00fcrl\u00fc\u011f\u00fc adeta seferberlik ilan etti. 1000\u2019den fazla personel ve 500\u2019\u00fcn \u00fczerinde ara\u00e7la sahaya inen ekipler, binlerce talebe an\u0131nda m\u00fcdahale ederek muhtemel afetlerin \u00f6n\u00fcne ge\u00e7ti. Ekiplerin, 185 su bask\u0131n\u0131na m\u00fcdahale etti\u011fi, 6 kurtarma operasyonu ger\u00e7ekle\u015ftirdi\u011fi, 27 toprak kaymas\u0131 ve 1 yol \u00e7\u00f6kmesine de m\u00fcdahale ger\u00e7ekle\u015ftirdi\u011fi a\u00e7\u0131kland\u0131.<br \/>\n<br \/>Manisa B\u00fcy\u00fck\u015fehir Belediyesi ile Manisa Su ve Kanalizasyon \u0130daresi (MASK\u0130) Genel M\u00fcd\u00fcrl\u00fc\u011f\u00fc, il genelinde etkili olan yo\u011fun ya\u011f\u0131\u015flara kar\u015f\u0131 t\u00fcm birimleriyle sahaya indi. Afet \u0130\u015fleri ve Risk Y\u00f6netimi Dairesi Ba\u015fkanl\u0131\u011f\u0131 taraf\u0131ndan toplanan veriler do\u011frultusunda m\u00fcdahale planlar\u0131 haz\u0131rlan\u0131rken, ekipler 7 g\u00fcn 24 saat esas\u0131na g\u00f6re g\u00f6rev yapt\u0131.<br \/>\n<br \/>\u0130tfaiye Dairesi Ba\u015fkanl\u0131\u011f\u0131 ekipleri, sel sular\u0131 alt\u0131nda kalan b\u00f6lgelerde arama-kurtarma ve su tahliye \u00e7al\u0131\u015fmalar\u0131n\u0131 y\u00fcr\u00fct\u00fcrken, Fen \u0130\u015fleri Dairesi Ba\u015fkanl\u0131\u011f\u0131 ise heyelan riskine kar\u015f\u0131 istinat duvarlar\u0131n\u0131 kontrol ederek acil ula\u015f\u0131m yollar\u0131n\u0131n a\u00e7\u0131k kalmas\u0131n\u0131 sa\u011flad\u0131. A\u011flayan Kaya\u2019dan Spil\u2019e \u00e7\u0131kan yolda meydana gelen heyelan nedeniyle t\u00fcm tedbirler al\u0131n\u0131rken, yolun ula\u015f\u0131ma kapat\u0131ld\u0131\u011f\u0131 bildirildi.<br \/>\n<br \/>Mezarl\u0131klar Dairesi Ba\u015fkanl\u0131\u011f\u0131 defin i\u015flemlerinin aksamamas\u0131 i\u00e7in g\u00fcvenlik \u00f6nlemleri al\u0131rken, MASK\u0130 ekiplerine mazgal ve r\u00f6gar temizli\u011finde ekipman deste\u011fi verdi. Kent Esteti\u011fi Dairesi Ba\u015fkanl\u0131\u011f\u0131 kirlenen alanlarda temizlik ve onar\u0131m \u00e7al\u0131\u015fmalar\u0131 yaparken, Ula\u015f\u0131m Dairesi Ba\u015fkanl\u0131\u011f\u0131 zarar g\u00f6ren trafik sinyalizasyon sistemlerini onararak alternatif g\u00fczerg\u00e2hlar olu\u015fturdu.<\/p>\n<p>\u00c7ift\u00e7iler ve \u00fcreticiler de unutulmad\u0131<br \/>\n<br \/>Zab\u0131ta Dairesi Ba\u015fkanl\u0131\u011f\u0131 pazar yerleri ve ticari alanlarda g\u00fcvenli\u011fi sa\u011flarken, K\u0131rsal Hizmetler Dairesi Ba\u015fkanl\u0131\u011f\u0131 yo\u011fun ya\u011f\u0131\u015ftan etkilenen \u00fcreticiler i\u00e7in harekete ge\u00e7ti. Tar\u0131m arazileri ve hayvanc\u0131l\u0131k tesislerinde hasar tespit \u00e7al\u0131\u015fmalar\u0131 yap\u0131l\u0131rken, su alt\u0131nda kalan ekili alanlar\u0131n tahliyesi i\u00e7in teknik destek sa\u011fland\u0131. Ma\u011fduriyet ya\u015fayan \u00e7ift\u00e7ilere yem ve g\u00fcbre deste\u011fi sunulmas\u0131 i\u00e7in gerekli planlamalar yap\u0131ld\u0131.<\/p>\n<p>MASK\u0130 8 bin 408 talebe m\u00fcdahale etti<br \/>\n<br \/>MASK\u0130 Genel M\u00fcd\u00fcrl\u00fc\u011f\u00fc ekipleri, ya\u011f\u0131\u015f s\u00fcresince gelen 8 bin 408 talebe h\u0131zla yan\u0131t verdi. \u00c7evre Koruma ve Kontrol Dairesi Ba\u015fkanl\u0131\u011f\u0131 dere yataklar\u0131nda kat\u0131 at\u0131k temizli\u011fi yaparak ta\u015fk\u0131n riskini azalt\u0131rken, \u0130\u00e7me Suyu Dairesi ekipleri zarar g\u00f6ren ana isale hatlar\u0131na m\u00fcdahale ederek su kesintilerinin \u00f6n\u00fcne ge\u00e7ti.<br \/>\n<br \/>Halk sa\u011fl\u0131\u011f\u0131n\u0131 korumak amac\u0131yla klorlama ve dezenfeksiyon \u00e7al\u0131\u015fmalar\u0131 art\u0131r\u0131l\u0131rken, t\u0131kanan kanalizasyon hatlar\u0131 ve ya\u011fmur suyu \u0131zgaralar\u0131 kombine ara\u00e7larla a\u00e7\u0131larak su tahliyesi sa\u011fl\u0131kl\u0131 hale getirildi.<br \/>\n<br \/>Y\u00fcr\u00fct\u00fclen \u00e7al\u0131\u015fmalar kapsam\u0131nda; 57 dere ve menfez temizli\u011fi, 1217 kanal a\u00e7ma, 121 ya\u011fmur suyu \u0131zgaras\u0131 temizli\u011fi, 185 su bask\u0131n\u0131na m\u00fcdahale, 6 kurtarma operasyonu, 27 toprak kaymas\u0131 ve 1 yol \u00e7\u00f6kmesine m\u00fcdahale ger\u00e7ekle\u015ftirildi.<br \/>\n<br \/>Ya\u011f\u0131\u015flar\u0131n ard\u0131ndan ba\u015flayan hasar tespit \u00e7al\u0131\u015fmalar\u0131yla birlikte zemin dolgu, yol bak\u0131m ve koruge \u00e7al\u0131\u015fmalar\u0131 h\u0131zland\u0131r\u0131ld\u0131. Ayr\u0131ca Manisa B\u00fcy\u00fck\u015fehir Belediyesi, Devlet Su \u0130\u015fleri\u2019ne bak\u0131m \u00e7al\u0131\u015fmalar\u0131nda kullan\u0131lmak \u00fczere 8 bin ton dolgu malzemesi deste\u011fi sa\u011flad\u0131.<br \/><\/p>\n","protected":false},"excerpt":{"rendered":"<p>Manisa\u2019da etkili olan yo\u011fun ya\u011f\u0131\u015flara kar\u015f\u0131 Manisa B\u00fcy\u00fck\u015fehir Belediyesi ve MASK\u0130 Genel M\u00fcd\u00fcrl\u00fc\u011f\u00fc adeta seferberlik ilan etti. 1000\u2019den fazla personel ve 500\u2019\u00fcn \u00fczerinde ara\u00e7la sahaya inen ekipler, binlerce talebe an\u0131nda m\u00fcdahale ederek muhtemel afetlerin \u00f6n\u00fcne ge\u00e7ti. Ekiplerin, 185 su bask\u0131n\u0131na m\u00fcdahale etti\u011fi, 6 kurtarma operasyonu ger\u00e7ekle\u015ftirdi\u011fi, 27 toprak kaymas\u0131 ve 1 yol \u00e7\u00f6kmesine de m\u00fcdahale&#8230;<\/p>\n","protected":false},"author":1,"featured_media":87330,"comment_status":"open","ping_status":"open","sticky":false,"template":"","format":"standard","meta":{"_crdt_document":"","footnotes":""},"categories":[5],"tags":[],"class_list":["post-87329","post","type-post","status-publish","format-standard","has-post-thumbnail","hentry","category-asayis"],"_links":{"self":[{"href":"https:\/\/www.egemtv.com\/index.php?rest_route=\/wp\/v2\/posts\/87329","targetHints":{"allow":["GET"]}}],"collection":[{"href":"https:\/\/www.egemtv.com\/index.php?rest_route=\/wp\/v2\/posts"}],"about":[{"href":"https:\/\/www.egemtv.com\/index.php?rest_route=\/wp\/v2\/types\/post"}],"author":[{"embeddable":true,"href":"https:\/\/www.egemtv.com\/index.php?rest_route=\/wp\/v2\/users\/1"}],"replies":[{"embeddable":true,"href":"https:\/\/www.egemtv.com\/index.php?rest_route=%2Fwp%2Fv2%2Fcomments&post=87329"}],"version-history":[{"count":1,"href":"https:\/\/www.egemtv.com\/index.php?rest_route=\/wp\/v2\/posts\/87329\/revisions"}],"predecessor-version":[{"id":87331,"href":"https:\/\/www.egemtv.com\/index.php?rest_route=\/wp\/v2\/posts\/87329\/revisions\/87331"}],"wp:featuredmedia":[{"embeddable":true,"href":"https:\/\/www.egemtv.com\/index.php?rest_route=\/wp\/v2\/media\/87330"}],"wp:attachment":[{"href":"https:\/\/www.egemtv.com\/index.php?rest_route=%2Fwp%2Fv2%2Fmedia&parent=87329"}],"wp:term":[{"taxonomy":"category","embeddable":true,"href":"https:\/\/www.egemtv.com\/index.php?rest_route=%2Fwp%2Fv2%2Fcategories&post=87329"},{"taxonomy":"post_tag","embeddable":true,"href":"https:\/\/www.egemtv.com\/index.php?rest_route=%2Fwp%2Fv2%2Ftags&post=87329"}],"curies":[{"name":"wp","href":"https:\/\/api.w.org\/{rel}","templated":true}]}}