{"id":87326,"date":"2026-02-12T18:34:38","date_gmt":"2026-02-12T15:34:38","guid":{"rendered":"https:\/\/www.egemtv.com\/?p=87326"},"modified":"2026-02-12T18:34:40","modified_gmt":"2026-02-12T15:34:40","slug":"aydin-buyuksehirin-15-milyarlik-yatirimina-ret-oyu-veren-chpye-ak-parti-grubundan-elestiri","status":"publish","type":"post","link":"https:\/\/www.egemtv.com\/?p=87326","title":{"rendered":"Ayd\u0131n B\u00fcy\u00fck\u015fehir\u2019in 1,5 milyarl\u0131k yat\u0131r\u0131m\u0131na ret oyu veren CHP\u2019ye AK Parti grubundan ele\u015ftiri"},"content":{"rendered":"<p>Ayd\u0131n B\u00fcy\u00fck\u015fehir Belediye Meclisi toplant\u0131s\u0131nda g\u00f6r\u00fc\u015f\u00fclen konular\u0131n kritik oldu\u011funa dikkat \u00e7eken AK Parti Grup Ba\u015fkanvekili Fatih G\u00fcrer, CHP grubunun 1,5 milyarl\u0131k yat\u0131r\u0131mlara \u2019ret oyu\u2019 vermesini ele\u015ftirerek, &#8220;Cumhuriyet Halk Partisi yat\u0131r\u0131mlara engel olmak ad\u0131na grup karar\u0131 alm\u0131\u015flar&#8221; dedi.<br \/>\n<br \/>Ayd\u0131n B\u00fcy\u00fck\u015fehir Belediye Meclisi\u2019nin \u015eubat ay\u0131 meclis toplant\u0131s\u0131n\u0131n ana g\u00fcndem maddesi 1,5 milyar TL\u2019lik yat\u0131r\u0131mlar olurken, yat\u0131r\u0131mlar ve yetki konusunda \u00e7\u0131kan tart\u0131\u015fmalar dikkat \u00e7ekti. Ayd\u0131n B\u00fcy\u00fck\u015fehir Belediyesi taraf\u0131ndan 17 il\u00e7ede yap\u0131lmas\u0131 planlanan yat\u0131r\u0131mlar i\u00e7in \u0130ller Bankas\u0131\u2019ndan kredi \u00e7ekilmesine ili\u015fkin B\u00fcy\u00fck\u015fehir Belediye Ba\u015fkan\u0131 \u00d6zlem \u00c7er\u00e7io\u011flu\u2019na yetki verilmesi konusunda yine karar \u00e7\u0131kmad\u0131. Ge\u00e7ti\u011fimiz Ocak ay\u0131 toplant\u0131s\u0131nda g\u00f6r\u00fc\u015f\u00fclerek CHP grubunun ret oyu sonras\u0131nda oy \u00e7oklu\u011fu ile ertelenen \u2018yat\u0131r\u0131mlar ve yetki\u2019 maddesi bu ay yeniden g\u00fcndemde g\u00f6r\u00fc\u015f\u00fcld\u00fc. Konuya ili\u015fkin CHP grubu yine \u2018ret\u2019 oyu verirken, a\u00e7\u0131klamalarda bulunan AK Parti grubu CHP\u2019yi \u2018hizmet engeli\u2019 vurgusuyla ele\u015ftirdi. Al\u0131nan karar\u0131n hizmetlerin yap\u0131lmas\u0131na engel te\u015fkil etti\u011fini belirten AK Parti grubu, bu tutumun Ayd\u0131n\u2019a hi\u00e7bir yarar sa\u011flamayaca\u011f\u0131n\u0131 ifade etti.<\/p>\n<p>&#8220;Bunu t\u00fcm Ayd\u0131n halk\u0131na a\u00e7\u0131klamak da bize d\u00fc\u015ft\u00fc&#8221;<br \/>\n<br \/>CHP\u2019li meclis \u00fcyelerinin yat\u0131r\u0131mlar\u0131n \u00f6n\u00fcnde engel te\u015fkil ettiklerini ifade eden AK Parti Grup Ba\u015fkanvekili Fatih G\u00fcrer, &#8220;Ge\u00e7en ay meclisten kalan yat\u0131r\u0131m harcamalar\u0131nda kullanmak \u00fczere kredi ile ilgili 1,5 milyarl\u0131k i\u00e7 bor\u00e7lanma talebi vard\u0131. 17 il\u00e7ede yap\u0131lmas\u0131 planlanan hizmet ile ilgili 1,5 milyarl\u0131k krediye kar\u015f\u0131l\u0131k yetki istenmi\u015fti. Bu konu ge\u00e7en ay meclisten havale edilen konuydu. Ge\u00e7en ay Cumhuriyet Halk Parti\u2019li meclis \u00fcyeleri erteleme tutana\u011f\u0131 tutturup, bu konular\u0131n g\u00f6r\u00fc\u015f\u00fclmesini ertelemi\u015flerdi. Biz de bu ay yine g\u00fcndeme getirdik. Ne yaz\u0131k ki CHP Plan B\u00fct\u00e7e Komisyonu \u00fcyeleri, grup karar\u0131 ald\u0131klar\u0131n\u0131 s\u00f6yleyerek bu hususta \u2018ret\u2019 karar\u0131 verdiler. Yani hizmetlerin yap\u0131lmas\u0131 i\u00e7in laz\u0131m olan kredinin kullan\u0131lmas\u0131na kar\u015f\u0131 oy kulland\u0131lar. Plan B\u00fct\u00e7e Komisyonu\u2019ndaki raporlar\u0131 bu y\u00f6nde. Yani herhangi bir karar almama y\u00f6n\u00fcnde grup karar\u0131 ald\u0131klar\u0131n\u0131 beyan ettiler bize Plan B\u00fct\u00e7e Komisyonu \u00fcyeleri. Yat\u0131r\u0131mlar\u0131n \u00f6n\u00fcne engel te\u015fkil edecek \u015fekilde \u2018ret\u2019 karar\u0131n\u0131 komisyon karar\u0131n\u0131 ald\u0131lar. Bunlar kritik konulard\u0131. Ayd\u0131n\u2019\u0131m\u0131za hizmet etmek i\u00e7in meclis karar\u0131 almak zorunday\u0131z. Yat\u0131r\u0131mlar i\u00e7in meclisin karar\u0131na ihtiyac\u0131m\u0131z var. Ama ne yaz\u0131k ki, CHP grup karar\u0131 alarak bu yat\u0131r\u0131mlar\u0131n \u00f6n\u00fcnde engel oldular. Bunu t\u00fcm Ayd\u0131n halk\u0131na a\u00e7\u0131klama konusu da bize d\u00fc\u015ft\u00fc&#8221; dedi.<\/p>\n<p>&#8220;B\u00f6yle tutars\u0131z bir siyaset bu memlekete bir katk\u0131 sa\u011flamaz&#8221;<br \/>\n<br \/>&#8220;G\u00f6zlemimiz o ki, bug\u00fcn Cumhuriyet Halk Partisi grubunda bir ak\u0131l tutulmas\u0131 var&#8221; diyen G\u00fcrer, &#8220;Ayd\u0131n\u2019\u0131m\u0131za gelecek olan imkan ve kaynaklar\u0131n, yat\u0131r\u0131mlar\u0131n \u00f6n\u00fcnde durulmas\u0131, insanlar\u0131m\u0131z\u0131n ya\u015fam konforu ve kalitesinin art\u0131r\u0131lmas\u0131 i\u00e7in sorumlu olan biz de bug\u00fcn ne yaz\u0131k ki CHP\u2019nin meclis \u00e7o\u011funlu\u011funu kullanarak Ayd\u0131n\u2019a gelmesi gereken kaynak ve imkanlar\u0131n durduruldu\u011funa \u015fahit olduk. Biz bunu, vatanda\u015f\u0131m\u0131za \u015fikayet ediyoruz, s\u00f6yl\u00fcyoruz. Onlara havale ediyoruz. Zannediyoruz ki, CHP bug\u00fcn, grup karar\u0131 alarak bir \u2018istemez\u00fck\u2019 mant\u0131\u011f\u0131yla gelmi\u015fler. Gelecek olan imkan ve kaynaklar\u0131n durdurulmas\u0131yla alakal\u0131 ortak karar alm\u0131\u015flar. Bunlar\u0131n alt\u0131nda yatan sebeplerle de anlad\u0131k ki, biraz \u015fahsi, siyasi hesaplar\u0131n\u0131n oldu\u011funu g\u00f6rd\u00fck. Kendi siyasi gelecekleri ad\u0131na memleketin yat\u0131r\u0131mlar\u0131n\u0131n \u00f6n\u00fcne ge\u00e7ilmesi asl\u0131nda \u00e7ok ac\u0131 bir ger\u00e7ek olarak \u00f6n\u00fcm\u00fcze \u00e7\u0131kmas\u0131 bizi de \u00e7ok \u00fczd\u00fc. B\u00f6yle tutars\u0131z bir siyaset bu memlekete bir katk\u0131 sa\u011flamaz&#8221; \u015feklinde konu\u015ftu.<br \/><\/p>\n","protected":false},"excerpt":{"rendered":"<p>Ayd\u0131n B\u00fcy\u00fck\u015fehir Belediye Meclisi toplant\u0131s\u0131nda g\u00f6r\u00fc\u015f\u00fclen konular\u0131n kritik oldu\u011funa dikkat \u00e7eken AK Parti Grup Ba\u015fkanvekili Fatih G\u00fcrer, CHP grubunun 1,5 milyarl\u0131k yat\u0131r\u0131mlara \u2019ret oyu\u2019 vermesini ele\u015ftirerek, &#8220;Cumhuriyet Halk Partisi yat\u0131r\u0131mlara engel olmak ad\u0131na grup karar\u0131 alm\u0131\u015flar&#8221; dedi. Ayd\u0131n B\u00fcy\u00fck\u015fehir Belediye Meclisi\u2019nin \u015eubat ay\u0131 meclis toplant\u0131s\u0131n\u0131n ana g\u00fcndem maddesi 1,5 milyar TL\u2019lik yat\u0131r\u0131mlar olurken, yat\u0131r\u0131mlar ve&#8230;<\/p>\n","protected":false},"author":1,"featured_media":87327,"comment_status":"open","ping_status":"open","sticky":false,"template":"","format":"standard","meta":{"_crdt_document":"","footnotes":""},"categories":[127],"tags":[],"class_list":["post-87326","post","type-post","status-publish","format-standard","has-post-thumbnail","hentry","category-siyaset"],"_links":{"self":[{"href":"https:\/\/www.egemtv.com\/index.php?rest_route=\/wp\/v2\/posts\/87326","targetHints":{"allow":["GET"]}}],"collection":[{"href":"https:\/\/www.egemtv.com\/index.php?rest_route=\/wp\/v2\/posts"}],"about":[{"href":"https:\/\/www.egemtv.com\/index.php?rest_route=\/wp\/v2\/types\/post"}],"author":[{"embeddable":true,"href":"https:\/\/www.egemtv.com\/index.php?rest_route=\/wp\/v2\/users\/1"}],"replies":[{"embeddable":true,"href":"https:\/\/www.egemtv.com\/index.php?rest_route=%2Fwp%2Fv2%2Fcomments&post=87326"}],"version-history":[{"count":1,"href":"https:\/\/www.egemtv.com\/index.php?rest_route=\/wp\/v2\/posts\/87326\/revisions"}],"predecessor-version":[{"id":87328,"href":"https:\/\/www.egemtv.com\/index.php?rest_route=\/wp\/v2\/posts\/87326\/revisions\/87328"}],"wp:featuredmedia":[{"embeddable":true,"href":"https:\/\/www.egemtv.com\/index.php?rest_route=\/wp\/v2\/media\/87327"}],"wp:attachment":[{"href":"https:\/\/www.egemtv.com\/index.php?rest_route=%2Fwp%2Fv2%2Fmedia&parent=87326"}],"wp:term":[{"taxonomy":"category","embeddable":true,"href":"https:\/\/www.egemtv.com\/index.php?rest_route=%2Fwp%2Fv2%2Fcategories&post=87326"},{"taxonomy":"post_tag","embeddable":true,"href":"https:\/\/www.egemtv.com\/index.php?rest_route=%2Fwp%2Fv2%2Ftags&post=87326"}],"curies":[{"name":"wp","href":"https:\/\/api.w.org\/{rel}","templated":true}]}}