{"id":87323,"date":"2026-02-12T17:55:37","date_gmt":"2026-02-12T14:55:37","guid":{"rendered":"https:\/\/www.egemtv.com\/?p=87323"},"modified":"2026-02-12T17:55:38","modified_gmt":"2026-02-12T14:55:38","slug":"fethiyedeki-cin-at-yili-temali-sergi-yogun-ilgi-gordu","status":"publish","type":"post","link":"https:\/\/www.egemtv.com\/?p=87323","title":{"rendered":"Fethiye\u2019deki &#8220;\u00c7in At Y\u0131l\u0131&#8221; temal\u0131 sergi yo\u011fun ilgi g\u00f6rd\u00fc"},"content":{"rendered":"<p>Fethiye\u2019ye daha fazla \u00c7inli turist \u00e7ekebilmek amac\u0131yla \u00c7in B\u00fcy\u00fckel\u00e7ili\u011fi i\u015fbirli\u011finde  \u2018\u00c7in At Y\u0131l\u0131\u2019 temal\u0131 resim sergisi Fethiye Belediyesi \u00d6zer Olgun K\u00fclt\u00fcr Merkezi Sergi Salonu\u2019nda be\u011feniye sunuldu. Aralar\u0131nda tek T\u00fcrk \u00c7in Resim sanat\u00e7\u0131s\u0131 B\u00fc\u015fra \u0130ncirku\u015f Ulushan\u2019\u0131n resminin de yer ald\u0131\u011f\u0131 30 \u00c7in sanat\u00e7\u0131s\u0131n\u0131n resimlerinden olu\u015fan sergi 2 g\u00fcn a\u00e7\u0131k kalacak.<\/p>\n<p>T\u00fcrkiye ile \u00c7in aras\u0131nda diplomatik ili\u015fkilerin kurulmas\u0131n\u0131n 55\u2019inci y\u0131ld\u00f6n\u00fcm\u00fc ve 17 \u015eubat 2026 tarihinde ba\u015flayacak olan \u2018\u00c7in yeni y\u0131l kutlamalar\u0131 kapsam\u0131nda d\u00fczenlenen \u2018At Y\u0131l\u0131\u2019 resim sergisi Fethiye \u00d6zer Olgun K\u00fclt\u00fcr Merkezi Salonu\u2019nda a\u00e7\u0131ld\u0131. A\u00e7\u0131l\u0131\u015f t\u00f6renine Fethiye Kaymakam\u0131 Fatih Akkaya, \u00c7in Halk Cumhuriyeti Ankara B\u00fcy\u00fckel\u00e7ili\u011fi K\u00fclt\u00fcr ve Turizm M\u00fcste\u015far\u0131 Meifen Zhou, D\u0131\u015fi\u015fleri Ata\u015fesi Jieyao Yang, \u0130stanbul\u2019daki bir \u00fcniversitenin Konf\u00fc\u00e7y\u00fcs Enstit\u00fcs\u00fc Ba\u015fkan Yard\u0131mc\u0131s\u0131 Chen Gu, Fethiye Esnaf Ve Sanatkarlar Odas\u0131 Ba\u015fkan\u0131 Kamil Mutlu Demirta\u015f ve di\u011fer yetkililer kat\u0131ld\u0131.<\/p>\n<p>\u00c7in Halk Cumhuriyeti Ankara B\u00fcy\u00fckel\u00e7ili\u011fi K\u00fclt\u00fcr ve Turizm M\u00fcste\u015far\u0131 Meifen Zhou yapt\u0131\u011f\u0131 konu\u015fmada, \u00c7in ve T\u00fcrkiye aras\u0131nda ipek yolunun \u00f6nemini anlat\u0131p,  &#8220;Bug\u00fcn say\u0131n kaymakam ve belediye ba\u015fkan\u0131 ile g\u00f6r\u00fc\u015ft\u00fck. Fethiye\u2019ye daha fazla \u00c7inli turist getirmek i\u00e7in haz\u0131r\u0131z&#8221; dedi.<\/p>\n<p>Fethiye Kaymakam\u0131 Fatih Akkaya, &#8220;\u00c7in heyeti ile sabah Fethiye\u2019miz i\u00e7in neler yapabiliriz diye konu\u015ftuk. \u00c7inli daha fazla turisti Fethiye\u2019mize nas\u0131l getirebiliriz. Fethiye\u2019mizde nas\u0131l a\u011f\u0131rlayabiliriz. Genel olarak konu\u015ftuk. \u00c7in ve T\u00fcrk milleti \u00f6rf, adet ve geleneklerine ba\u011fl\u0131 milletler. Gittikleri \u00fclkelerde otele kapanma yerine sokak sokak dola\u015farak gittikleri yeri ke\u015ffetmeyi seviyorlar. Bizler otel ve di\u011fer sekt\u00f6rler olarak haz\u0131r hale gelmeliyiz. Alt yap\u0131s\u0131 ve \u00fcst yap\u0131s\u0131yla bir an \u00f6nce haz\u0131rl\u0131\u011f\u0131m\u0131z\u0131 bitirmeliyiz. \u00c7in Halk Cumhuriyeti\u2019nden y\u00fczde 1 turist gelse Fethiye ve T\u00fcrkiye\u2019ye b\u00fcy\u00fck katk\u0131 olacakt\u0131r&#8221; ifadelerini kulland\u0131.<\/p>\n<p>Konu\u015fmalar\u0131n ard\u0131ndan At y\u0131l\u0131 temal\u0131 \u00c7in resim sergisi Fethiye Kaymakam\u0131 Fatih Akkaya ve di\u011fer yetkililer taraf\u0131ndan be\u011feniye sunuldu. Serginin gezilmesi ile birlikte kat\u0131l\u0131mc\u0131lar \u00c7ince yaz\u0131 yazarken ilgi oda\u011f\u0131 oldular. Sergi kapsam\u0131nda, Kaymakam Fatih Akkaya, \u00c7inli sanat\u00e7\u0131lar ve konuklar taraf\u0131ndan ger\u00e7ekle\u015ftirilen workshop \u00e7al\u0131\u015fmas\u0131 ilgiyle izlendi.<br \/><\/p>\n","protected":false},"excerpt":{"rendered":"<p>Fethiye\u2019ye daha fazla \u00c7inli turist \u00e7ekebilmek amac\u0131yla \u00c7in B\u00fcy\u00fckel\u00e7ili\u011fi i\u015fbirli\u011finde \u2018\u00c7in At Y\u0131l\u0131\u2019 temal\u0131 resim sergisi Fethiye Belediyesi \u00d6zer Olgun K\u00fclt\u00fcr Merkezi Sergi Salonu\u2019nda be\u011feniye sunuldu. Aralar\u0131nda tek T\u00fcrk \u00c7in Resim sanat\u00e7\u0131s\u0131 B\u00fc\u015fra \u0130ncirku\u015f Ulushan\u2019\u0131n resminin de yer ald\u0131\u011f\u0131 30 \u00c7in sanat\u00e7\u0131s\u0131n\u0131n resimlerinden olu\u015fan sergi 2 g\u00fcn a\u00e7\u0131k kalacak. T\u00fcrkiye ile \u00c7in aras\u0131nda diplomatik ili\u015fkilerin&#8230;<\/p>\n","protected":false},"author":1,"featured_media":87324,"comment_status":"open","ping_status":"open","sticky":false,"template":"","format":"standard","meta":{"_crdt_document":"","footnotes":""},"categories":[1],"tags":[],"class_list":["post-87323","post","type-post","status-publish","format-standard","has-post-thumbnail","hentry","category-guncel"],"_links":{"self":[{"href":"https:\/\/www.egemtv.com\/index.php?rest_route=\/wp\/v2\/posts\/87323","targetHints":{"allow":["GET"]}}],"collection":[{"href":"https:\/\/www.egemtv.com\/index.php?rest_route=\/wp\/v2\/posts"}],"about":[{"href":"https:\/\/www.egemtv.com\/index.php?rest_route=\/wp\/v2\/types\/post"}],"author":[{"embeddable":true,"href":"https:\/\/www.egemtv.com\/index.php?rest_route=\/wp\/v2\/users\/1"}],"replies":[{"embeddable":true,"href":"https:\/\/www.egemtv.com\/index.php?rest_route=%2Fwp%2Fv2%2Fcomments&post=87323"}],"version-history":[{"count":1,"href":"https:\/\/www.egemtv.com\/index.php?rest_route=\/wp\/v2\/posts\/87323\/revisions"}],"predecessor-version":[{"id":87325,"href":"https:\/\/www.egemtv.com\/index.php?rest_route=\/wp\/v2\/posts\/87323\/revisions\/87325"}],"wp:featuredmedia":[{"embeddable":true,"href":"https:\/\/www.egemtv.com\/index.php?rest_route=\/wp\/v2\/media\/87324"}],"wp:attachment":[{"href":"https:\/\/www.egemtv.com\/index.php?rest_route=%2Fwp%2Fv2%2Fmedia&parent=87323"}],"wp:term":[{"taxonomy":"category","embeddable":true,"href":"https:\/\/www.egemtv.com\/index.php?rest_route=%2Fwp%2Fv2%2Fcategories&post=87323"},{"taxonomy":"post_tag","embeddable":true,"href":"https:\/\/www.egemtv.com\/index.php?rest_route=%2Fwp%2Fv2%2Ftags&post=87323"}],"curies":[{"name":"wp","href":"https:\/\/api.w.org\/{rel}","templated":true}]}}