{"id":87320,"date":"2026-02-12T17:55:36","date_gmt":"2026-02-12T14:55:36","guid":{"rendered":"https:\/\/www.egemtv.com\/?p=87320"},"modified":"2026-02-12T17:55:37","modified_gmt":"2026-02-12T14:55:37","slug":"cameli-belediyesi-yogun-yagisin-ardindan-7-24-teyakkuzda","status":"publish","type":"post","link":"https:\/\/www.egemtv.com\/?p=87320","title":{"rendered":"\u00c7ameli Belediyesi yo\u011fun ya\u011f\u0131\u015f\u0131n ard\u0131ndan 7\/24 teyakkuzda"},"content":{"rendered":"<p>Denizli\u2019nin \u00c7ameli il\u00e7esinde etkili olan yo\u011fun ya\u011f\u0131\u015f sonras\u0131 mahallelerde meydana gelen hasarlara belediye ekipleri an\u0131nda m\u00fcdahale ederken, kapanan yollar yeniden ula\u015f\u0131ma a\u00e7\u0131l\u0131yor.<br \/>\n<br \/>Denizli\u2019nin \u00c7ameli il\u00e7esinde etkili olan yo\u011fun ya\u011f\u0131\u015flar\u0131n ard\u0131ndan meydana gelen olumsuzluklara \u00c7ameli Belediyesi ekipleri taraf\u0131ndan an\u0131nda m\u00fcdahale ediliyor. Fen \u0130\u015fleri M\u00fcd\u00fcrl\u00fc\u011f\u00fc\u2019ne ba\u011fl\u0131 ekipler, kapanan yollar\u0131 yeniden ula\u015f\u0131ma a\u00e7mak i\u00e7in \u00e7al\u0131\u015fmalar\u0131n\u0131 aral\u0131ks\u0131z s\u00fcrd\u00fcr\u00fcrken, g\u00f6\u00e7\u00fck olu\u015fan ta\u015f duvarlar ve yola kayan topraklar belediyeye ait i\u015f makineleriyle temizlenerek g\u00fcvenli hale getiriliyor. Vatanda\u015flardan gelen ihbarlar ve sahada g\u00f6rev yapan gezici m\u00fcdahale ekiplerinin koordineli \u00e7al\u0131\u015fmas\u0131yla, olumsuzluk ya\u015fanan mahallelere h\u0131zla ula\u015f\u0131ld\u0131\u011f\u0131 belirtildi. Kep\u00e7e, greyder, kamyon ve di\u011fer i\u015f makineleriyle merkez ve k\u0131rsal mahallelerde \u00e7al\u0131\u015fmalar\u0131n 7 g\u00fcn 24 saat esas\u0131na g\u00f6re devam etti\u011fi bildirildi.<br \/>\n<br \/>&#8220;\u00c7ameli Belediyesi olarak bizler de t\u00fcm imk\u00e2nlar\u0131m\u0131zla sahaday\u0131z&#8221;<br \/>\n<br \/>Ya\u015fanan olumsuzluklardan etkilenen vatanda\u015flar\u0131n ma\u011fduriyetlerinin giderilmesi i\u00e7in gerekli tespit \u00e7al\u0131\u015fmalar\u0131n\u0131n da ba\u015flat\u0131ld\u0131\u011f\u0131 kaydedildi. \u00c7ameli Belediye Ba\u015fkan\u0131 Cengiz Arslan yapt\u0131\u011f\u0131 a\u00e7\u0131klamada, &#8220;Yo\u011fun ya\u011f\u0131\u015f\u0131n ard\u0131ndan ekiplerimiz sahada aktif \u015fekilde m\u00fcdahale ediyor. Hi\u00e7bir mahallemizde vatanda\u015flar\u0131m\u0131z\u0131 yaln\u0131z b\u0131rakmayaca\u011f\u0131z. Zarar g\u00f6ren hem\u015fehrilerimizin ma\u011fduriyetlerinin giderilmesi i\u00e7in gerekli \u00e7al\u0131\u015fmalar ba\u015flat\u0131lm\u0131\u015ft\u0131r. Devletimiz her zaman milletimizin yan\u0131ndad\u0131r. \u00c7ameli Belediyesi olarak bizler de t\u00fcm imk\u00e2nlar\u0131m\u0131zla sahaday\u0131z.&#8221; ifadelerini kulland\u0131.<br \/><\/p>\n","protected":false},"excerpt":{"rendered":"<p>Denizli\u2019nin \u00c7ameli il\u00e7esinde etkili olan yo\u011fun ya\u011f\u0131\u015f sonras\u0131 mahallelerde meydana gelen hasarlara belediye ekipleri an\u0131nda m\u00fcdahale ederken, kapanan yollar yeniden ula\u015f\u0131ma a\u00e7\u0131l\u0131yor. Denizli\u2019nin \u00c7ameli il\u00e7esinde etkili olan yo\u011fun ya\u011f\u0131\u015flar\u0131n ard\u0131ndan meydana gelen olumsuzluklara \u00c7ameli Belediyesi ekipleri taraf\u0131ndan an\u0131nda m\u00fcdahale ediliyor. Fen \u0130\u015fleri M\u00fcd\u00fcrl\u00fc\u011f\u00fc\u2019ne ba\u011fl\u0131 ekipler, kapanan yollar\u0131 yeniden ula\u015f\u0131ma a\u00e7mak i\u00e7in \u00e7al\u0131\u015fmalar\u0131n\u0131 aral\u0131ks\u0131z s\u00fcrd\u00fcr\u00fcrken, g\u00f6\u00e7\u00fck&#8230;<\/p>\n","protected":false},"author":1,"featured_media":87321,"comment_status":"open","ping_status":"open","sticky":false,"template":"","format":"standard","meta":{"_crdt_document":"","footnotes":""},"categories":[1],"tags":[],"class_list":["post-87320","post","type-post","status-publish","format-standard","has-post-thumbnail","hentry","category-guncel"],"_links":{"self":[{"href":"https:\/\/www.egemtv.com\/index.php?rest_route=\/wp\/v2\/posts\/87320","targetHints":{"allow":["GET"]}}],"collection":[{"href":"https:\/\/www.egemtv.com\/index.php?rest_route=\/wp\/v2\/posts"}],"about":[{"href":"https:\/\/www.egemtv.com\/index.php?rest_route=\/wp\/v2\/types\/post"}],"author":[{"embeddable":true,"href":"https:\/\/www.egemtv.com\/index.php?rest_route=\/wp\/v2\/users\/1"}],"replies":[{"embeddable":true,"href":"https:\/\/www.egemtv.com\/index.php?rest_route=%2Fwp%2Fv2%2Fcomments&post=87320"}],"version-history":[{"count":1,"href":"https:\/\/www.egemtv.com\/index.php?rest_route=\/wp\/v2\/posts\/87320\/revisions"}],"predecessor-version":[{"id":87322,"href":"https:\/\/www.egemtv.com\/index.php?rest_route=\/wp\/v2\/posts\/87320\/revisions\/87322"}],"wp:featuredmedia":[{"embeddable":true,"href":"https:\/\/www.egemtv.com\/index.php?rest_route=\/wp\/v2\/media\/87321"}],"wp:attachment":[{"href":"https:\/\/www.egemtv.com\/index.php?rest_route=%2Fwp%2Fv2%2Fmedia&parent=87320"}],"wp:term":[{"taxonomy":"category","embeddable":true,"href":"https:\/\/www.egemtv.com\/index.php?rest_route=%2Fwp%2Fv2%2Fcategories&post=87320"},{"taxonomy":"post_tag","embeddable":true,"href":"https:\/\/www.egemtv.com\/index.php?rest_route=%2Fwp%2Fv2%2Ftags&post=87320"}],"curies":[{"name":"wp","href":"https:\/\/api.w.org\/{rel}","templated":true}]}}