{"id":87317,"date":"2026-02-12T17:55:35","date_gmt":"2026-02-12T14:55:35","guid":{"rendered":"https:\/\/www.egemtv.com\/?p=87317"},"modified":"2026-02-12T17:55:36","modified_gmt":"2026-02-12T14:55:36","slug":"kuvvetli-yagisa-dayanamadi-coktu","status":"publish","type":"post","link":"https:\/\/www.egemtv.com\/?p=87317","title":{"rendered":"Kuvvetli ya\u011f\u0131\u015fa dayanamad\u0131, \u00e7\u00f6kt\u00fc"},"content":{"rendered":"<p>Ayd\u0131n\u2019\u0131n Bozdo\u011fan il\u00e7esinde etkili olan sa\u011fanak ya\u011f\u0131\u015f, Hisar Mahallesi\u2019nde bir evin bah\u00e7e duvar\u0131n\u0131n y\u0131k\u0131lmas\u0131na neden oldu.<br \/>\n<br \/>Edinilen bilgiye g\u00f6re, De\u011firmen Sokak\u2019ta bulunan bir vatanda\u015f\u0131n evine ait bah\u00e7e duvar\u0131, yo\u011fun ya\u011f\u0131\u015f\u0131n ard\u0131ndan g\u00f6\u00e7t\u00fc. Olayda herhangi bir yaralanma ya da can kayb\u0131 ya\u015fanmad\u0131.<br \/>\n<br \/>\u0130hbar \u00fczerine b\u00f6lgeye itfaiye ve Bozdo\u011fan Belediyesi ekipleri sevk edildi. Ekipler, y\u0131k\u0131lan duvar\u0131n \u00e7evresinde g\u00fcvenlik \u00f6nlemi alarak enkaz\u0131 kald\u0131rd\u0131. Tehlike arz eden di\u011fer duvarlarda da gerekli inceleme ve m\u00fcdahale \u00e7al\u0131\u015fmalar\u0131n\u0131n ba\u015flat\u0131ld\u0131\u011f\u0131 bildirildi.<br \/>\n<br \/>Bozdo\u011fan Belediyesi yetkilileri taraf\u0131ndan yap\u0131lan a\u00e7\u0131klamada, &#8220;Hisar Mahallesi De\u011firmen Sokak\u2019ta yo\u011fun ya\u011f\u0131\u015flar nedeniyle bir vatanda\u015f\u0131m\u0131za ait bah\u00e7e duvar\u0131nda y\u0131k\u0131lma meydana gelmi\u015ftir. \u0130hbar\u0131n ard\u0131ndan Fen \u0130\u015fleri M\u00fcd\u00fcrl\u00fc\u011f\u00fc ekiplerimiz h\u0131zla b\u00f6lgeye intikal ederek gerekli g\u00fcvenlik ve m\u00fcdahale \u00e7al\u0131\u015fmalar\u0131n\u0131 ba\u015flatm\u0131\u015ft\u0131r&#8221; ifadelerine yer verildi.<br \/>\n<br \/>\u0130l\u00e7ede aral\u0131klarla devam eden ya\u011f\u0131\u015flara kar\u015f\u0131 vatanda\u015flar\u0131n dikkatli olmas\u0131 istendi.<br \/><\/p>\n","protected":false},"excerpt":{"rendered":"<p>Ayd\u0131n\u2019\u0131n Bozdo\u011fan il\u00e7esinde etkili olan sa\u011fanak ya\u011f\u0131\u015f, Hisar Mahallesi\u2019nde bir evin bah\u00e7e duvar\u0131n\u0131n y\u0131k\u0131lmas\u0131na neden oldu. Edinilen bilgiye g\u00f6re, De\u011firmen Sokak\u2019ta bulunan bir vatanda\u015f\u0131n evine ait bah\u00e7e duvar\u0131, yo\u011fun ya\u011f\u0131\u015f\u0131n ard\u0131ndan g\u00f6\u00e7t\u00fc. Olayda herhangi bir yaralanma ya da can kayb\u0131 ya\u015fanmad\u0131. \u0130hbar \u00fczerine b\u00f6lgeye itfaiye ve Bozdo\u011fan Belediyesi ekipleri sevk edildi. Ekipler, y\u0131k\u0131lan duvar\u0131n \u00e7evresinde&#8230;<\/p>\n","protected":false},"author":1,"featured_media":87318,"comment_status":"open","ping_status":"open","sticky":false,"template":"","format":"standard","meta":{"_crdt_document":"","footnotes":""},"categories":[1],"tags":[],"class_list":["post-87317","post","type-post","status-publish","format-standard","has-post-thumbnail","hentry","category-guncel"],"_links":{"self":[{"href":"https:\/\/www.egemtv.com\/index.php?rest_route=\/wp\/v2\/posts\/87317","targetHints":{"allow":["GET"]}}],"collection":[{"href":"https:\/\/www.egemtv.com\/index.php?rest_route=\/wp\/v2\/posts"}],"about":[{"href":"https:\/\/www.egemtv.com\/index.php?rest_route=\/wp\/v2\/types\/post"}],"author":[{"embeddable":true,"href":"https:\/\/www.egemtv.com\/index.php?rest_route=\/wp\/v2\/users\/1"}],"replies":[{"embeddable":true,"href":"https:\/\/www.egemtv.com\/index.php?rest_route=%2Fwp%2Fv2%2Fcomments&post=87317"}],"version-history":[{"count":1,"href":"https:\/\/www.egemtv.com\/index.php?rest_route=\/wp\/v2\/posts\/87317\/revisions"}],"predecessor-version":[{"id":87319,"href":"https:\/\/www.egemtv.com\/index.php?rest_route=\/wp\/v2\/posts\/87317\/revisions\/87319"}],"wp:featuredmedia":[{"embeddable":true,"href":"https:\/\/www.egemtv.com\/index.php?rest_route=\/wp\/v2\/media\/87318"}],"wp:attachment":[{"href":"https:\/\/www.egemtv.com\/index.php?rest_route=%2Fwp%2Fv2%2Fmedia&parent=87317"}],"wp:term":[{"taxonomy":"category","embeddable":true,"href":"https:\/\/www.egemtv.com\/index.php?rest_route=%2Fwp%2Fv2%2Fcategories&post=87317"},{"taxonomy":"post_tag","embeddable":true,"href":"https:\/\/www.egemtv.com\/index.php?rest_route=%2Fwp%2Fv2%2Ftags&post=87317"}],"curies":[{"name":"wp","href":"https:\/\/api.w.org\/{rel}","templated":true}]}}