{"id":87314,"date":"2026-02-12T17:55:34","date_gmt":"2026-02-12T14:55:34","guid":{"rendered":"https:\/\/www.egemtv.com\/?p=87314"},"modified":"2026-02-12T17:55:35","modified_gmt":"2026-02-12T14:55:35","slug":"datcada-7-badem-cicegi-festivali-coskuyla-basladi","status":"publish","type":"post","link":"https:\/\/www.egemtv.com\/?p=87314","title":{"rendered":"Dat\u00e7a\u2019da 7. Badem \u00c7i\u00e7e\u011fi Festivali co\u015fkuyla ba\u015flad\u0131"},"content":{"rendered":"<p>Mu\u011fla\u2019n\u0131n Dat\u00e7a il\u00e7esinde 2018 y\u0131l\u0131ndan bu yana ger\u00e7ekle\u015ftirilen ve Mu\u011fla B\u00fcy\u00fck\u015fehir Belediyesi\u2019nin destekleriyle hayata ge\u00e7irilen ve bu y\u0131l 7\u2019incisi d\u00fczenlenen Badem \u00c7i\u00e7e\u011fi Festivali, renkli g\u00f6r\u00fcnt\u00fclerle ba\u015flad\u0131. Festival, 12-15 \u015eubat 2026 tarihleri aras\u0131nda ziyaret\u00e7ilerini a\u011f\u0131rlayacak.<\/p>\n<p>Festivalin ba\u015flamas\u0131yla birlikte Dat\u00e7a sokaklar\u0131 ve k\u00f6yleri badem a\u011fa\u00e7lar\u0131n\u0131n pembe ve beyaz tonlar\u0131yla adeta kartpostall\u0131k g\u00f6r\u00fcnt\u00fclere sahne oldu. T\u00fcrkiye\u2019nin en \u00f6zg\u00fcn k\u0131\u015f festivali olarak g\u00f6sterilen etkinlik, \u00e7ok say\u0131da ziyaret\u00e7iyi yar\u0131madada bulu\u015fturdu. \u0130l\u00e7enin bir\u00e7ok noktas\u0131nda kurulan stantlarda y\u00f6resel \u00fcr\u00fcnler, el eme\u011fi hediyelik e\u015fyalar ve Dat\u00e7a\u2019ya \u00f6zg\u00fc lezzetler ziyaret\u00e7ilerin be\u011fenisine sunuluyor. Halk oyunlar\u0131 g\u00f6sterileri, konserler ve \u00e7e\u015fitli yar\u0131\u015fmalarla b\u00f6lgenin k\u00fclt\u00fcrel zenginli\u011fi \u00f6n plana \u00e7\u0131kar\u0131l\u0131yor.<\/p>\n<p>Festival kapsam\u0131nda bu y\u0131l da \u00f6d\u00fcll\u00fc Yemek Yar\u0131\u015fmas\u0131 d\u00fczenlenecek. Palamutb\u00fck\u00fc Liman\u0131\u2019nda ger\u00e7ekle\u015ftirilecek yar\u0131\u015fmada ana yemek kategorisinde tencere yemekleri ve deniz mahsulleri j\u00fcri kar\u015f\u0131s\u0131na \u00e7\u0131kacak. Zeytinya\u011fl\u0131lar kategorisinde yerel ot ve sebze yemekleri yar\u0131\u015f\u0131rken, tatl\u0131 kategorisinde ise Dat\u00e7a\u2019n\u0131n me\u015fhur bademinden yap\u0131lan bademli tatl\u0131lar h\u00fcnerlerini sergileyecek. \u00d6te yandan 14 \u015eubat Cumartesi g\u00fcn\u00fc 12.00-15.00 saatleri aras\u0131nda Re\u015fadiye\u2019de Dat\u00e7a\u2019n\u0131n Geleneksel D\u00fc\u011f\u00fcn Yemekleri etkinli\u011fi d\u00fczenlenecek. Nohutlu et yeme\u011fi, arpac\u0131k \u015fehriye \u00e7orbas\u0131, emekle d\u00f6v\u00fclm\u00fc\u015f ke\u015fkek, yo\u011furtlama, taze salata ve helva gibi y\u00f6resel tatlar ziyaret\u00e7ilere ikram edilecek.<\/p>\n<p>Festival, geleneksel \u00e7ift\u00e7i yar\u0131\u015fmalar\u0131yla da \u015fenlenecek. En H\u0131zl\u0131 Badem K\u0131rma, En \u0130ri Badem ve En Bak\u0131ml\u0131 Bah\u00e7e kategorilerinde yar\u0131\u015fmalar d\u00fczenlenecek. En H\u0131zl\u0131 Badem K\u0131rma Yar\u0131\u015fmas\u0131\u2019n\u0131n elemeleri Palamutb\u00fck\u00fc ve Dat\u00e7a merkezde yap\u0131lacak. B\u00fcy\u00fck final ise 15 \u015eubat Pazar g\u00fcn\u00fc saat 13.00\u2019te Dat\u00e7a Cumhuriyet Meydan\u0131\u2019nda ger\u00e7ekle\u015ftirilecek.<br \/><\/p>\n","protected":false},"excerpt":{"rendered":"<p>Mu\u011fla\u2019n\u0131n Dat\u00e7a il\u00e7esinde 2018 y\u0131l\u0131ndan bu yana ger\u00e7ekle\u015ftirilen ve Mu\u011fla B\u00fcy\u00fck\u015fehir Belediyesi\u2019nin destekleriyle hayata ge\u00e7irilen ve bu y\u0131l 7\u2019incisi d\u00fczenlenen Badem \u00c7i\u00e7e\u011fi Festivali, renkli g\u00f6r\u00fcnt\u00fclerle ba\u015flad\u0131. Festival, 12-15 \u015eubat 2026 tarihleri aras\u0131nda ziyaret\u00e7ilerini a\u011f\u0131rlayacak. Festivalin ba\u015flamas\u0131yla birlikte Dat\u00e7a sokaklar\u0131 ve k\u00f6yleri badem a\u011fa\u00e7lar\u0131n\u0131n pembe ve beyaz tonlar\u0131yla adeta kartpostall\u0131k g\u00f6r\u00fcnt\u00fclere sahne oldu. T\u00fcrkiye\u2019nin en \u00f6zg\u00fcn&#8230;<\/p>\n","protected":false},"author":1,"featured_media":87315,"comment_status":"open","ping_status":"open","sticky":false,"template":"","format":"standard","meta":{"_crdt_document":"","footnotes":""},"categories":[1],"tags":[],"class_list":["post-87314","post","type-post","status-publish","format-standard","has-post-thumbnail","hentry","category-guncel"],"_links":{"self":[{"href":"https:\/\/www.egemtv.com\/index.php?rest_route=\/wp\/v2\/posts\/87314","targetHints":{"allow":["GET"]}}],"collection":[{"href":"https:\/\/www.egemtv.com\/index.php?rest_route=\/wp\/v2\/posts"}],"about":[{"href":"https:\/\/www.egemtv.com\/index.php?rest_route=\/wp\/v2\/types\/post"}],"author":[{"embeddable":true,"href":"https:\/\/www.egemtv.com\/index.php?rest_route=\/wp\/v2\/users\/1"}],"replies":[{"embeddable":true,"href":"https:\/\/www.egemtv.com\/index.php?rest_route=%2Fwp%2Fv2%2Fcomments&post=87314"}],"version-history":[{"count":1,"href":"https:\/\/www.egemtv.com\/index.php?rest_route=\/wp\/v2\/posts\/87314\/revisions"}],"predecessor-version":[{"id":87316,"href":"https:\/\/www.egemtv.com\/index.php?rest_route=\/wp\/v2\/posts\/87314\/revisions\/87316"}],"wp:featuredmedia":[{"embeddable":true,"href":"https:\/\/www.egemtv.com\/index.php?rest_route=\/wp\/v2\/media\/87315"}],"wp:attachment":[{"href":"https:\/\/www.egemtv.com\/index.php?rest_route=%2Fwp%2Fv2%2Fmedia&parent=87314"}],"wp:term":[{"taxonomy":"category","embeddable":true,"href":"https:\/\/www.egemtv.com\/index.php?rest_route=%2Fwp%2Fv2%2Fcategories&post=87314"},{"taxonomy":"post_tag","embeddable":true,"href":"https:\/\/www.egemtv.com\/index.php?rest_route=%2Fwp%2Fv2%2Ftags&post=87314"}],"curies":[{"name":"wp","href":"https:\/\/api.w.org\/{rel}","templated":true}]}}