{"id":87311,"date":"2026-02-12T17:34:44","date_gmt":"2026-02-12T14:34:44","guid":{"rendered":"https:\/\/www.egemtv.com\/?p=87311"},"modified":"2026-02-12T17:34:45","modified_gmt":"2026-02-12T14:34:45","slug":"denizlide-su-seviyesi-artan-derelerde-kopruler-zarar-gordu","status":"publish","type":"post","link":"https:\/\/www.egemtv.com\/?p=87311","title":{"rendered":"Denizli\u2019de su seviyesi artan derelerde k\u00f6pr\u00fcler zarar g\u00f6rd\u00fc"},"content":{"rendered":"<p>Denizli\u2019nin Ac\u0131payam ve \u00c7ameli il\u00e7elerinden ge\u00e7en Kanl\u0131 \u00c7ay ile Karanfilli \u00c7ay\u0131\u2019nda yo\u011fun ya\u011f\u0131\u015f sonras\u0131 su seviyesi y\u00fckseldi. Ta\u015fk\u0131n nedeniyle baz\u0131 k\u00f6pr\u00fc ayaklar\u0131 zarar g\u00f6r\u00fcrken, k\u00f6pr\u00fcs\u00fcz yollarda ula\u015f\u0131m durma noktas\u0131na geldi.<br \/>\n<br \/>Denizli\u2019nin Ac\u0131payam il\u00e7esine ba\u011fl\u0131 Su\u00e7at\u0131 Mahallesi ile \u00c7ameli il\u00e7esi Kirazl\u0131yayla Mahallesi\u2019nden ge\u00e7en Kanl\u0131 \u00c7ay ve Karanfilli \u00c7ay\u0131\u2019nda etkili olan yo\u011fun ya\u011f\u0131\u015flar\u0131n ard\u0131ndan su seviyesi y\u00fckseldi. Artan debi nedeniyle dere yataklar\u0131 suyu ta\u015f\u0131makta yetersiz kal\u0131rken, ta\u015fk\u0131nlar meydana geldi. Ya\u011f\u0131\u015f sonras\u0131 debisi h\u0131zla artan \u00e7aylarda suyun yata\u011f\u0131na s\u0131\u011fmamas\u0131 sonucu baz\u0131 k\u00f6pr\u00fclerin ayaklar\u0131nda a\u011f\u0131r hasarlar meydana geldi. \u00d6zellikle \u00e7ay \u00e7evresinde k\u00f6pr\u00fc bulunmayan yollarda ge\u00e7i\u015fler imk\u00e2ns\u0131z hale geldi. B\u00f6lgedeki tarla ve arazi yollar\u0131nda da su birikintileri ve ak\u0131nt\u0131 nedeniyle ula\u015f\u0131mda aksakl\u0131klar ya\u015fand\u0131.<br \/>\n<br \/>B\u00f6lgede ya\u015fayan vatanda\u015flar, \u00e7aylar\u0131n uzun s\u00fcredir bu seviyeye y\u00fckselmedi\u011fini ve bu \u015fiddette akmad\u0131\u011f\u0131n\u0131 belirterek, ya\u011f\u0131\u015f\u0131n etkisinin olduk\u00e7a g\u00fc\u00e7l\u00fc oldu\u011funu ifade etti.<br \/><\/p>\n","protected":false},"excerpt":{"rendered":"<p>Denizli\u2019nin Ac\u0131payam ve \u00c7ameli il\u00e7elerinden ge\u00e7en Kanl\u0131 \u00c7ay ile Karanfilli \u00c7ay\u0131\u2019nda yo\u011fun ya\u011f\u0131\u015f sonras\u0131 su seviyesi y\u00fckseldi. Ta\u015fk\u0131n nedeniyle baz\u0131 k\u00f6pr\u00fc ayaklar\u0131 zarar g\u00f6r\u00fcrken, k\u00f6pr\u00fcs\u00fcz yollarda ula\u015f\u0131m durma noktas\u0131na geldi. Denizli\u2019nin Ac\u0131payam il\u00e7esine ba\u011fl\u0131 Su\u00e7at\u0131 Mahallesi ile \u00c7ameli il\u00e7esi Kirazl\u0131yayla Mahallesi\u2019nden ge\u00e7en Kanl\u0131 \u00c7ay ve Karanfilli \u00c7ay\u0131\u2019nda etkili olan yo\u011fun ya\u011f\u0131\u015flar\u0131n ard\u0131ndan su seviyesi y\u00fckseldi&#8230;.<\/p>\n","protected":false},"author":1,"featured_media":87312,"comment_status":"open","ping_status":"open","sticky":false,"template":"","format":"standard","meta":{"_crdt_document":"","footnotes":""},"categories":[1],"tags":[],"class_list":["post-87311","post","type-post","status-publish","format-standard","has-post-thumbnail","hentry","category-guncel"],"_links":{"self":[{"href":"https:\/\/www.egemtv.com\/index.php?rest_route=\/wp\/v2\/posts\/87311","targetHints":{"allow":["GET"]}}],"collection":[{"href":"https:\/\/www.egemtv.com\/index.php?rest_route=\/wp\/v2\/posts"}],"about":[{"href":"https:\/\/www.egemtv.com\/index.php?rest_route=\/wp\/v2\/types\/post"}],"author":[{"embeddable":true,"href":"https:\/\/www.egemtv.com\/index.php?rest_route=\/wp\/v2\/users\/1"}],"replies":[{"embeddable":true,"href":"https:\/\/www.egemtv.com\/index.php?rest_route=%2Fwp%2Fv2%2Fcomments&post=87311"}],"version-history":[{"count":1,"href":"https:\/\/www.egemtv.com\/index.php?rest_route=\/wp\/v2\/posts\/87311\/revisions"}],"predecessor-version":[{"id":87313,"href":"https:\/\/www.egemtv.com\/index.php?rest_route=\/wp\/v2\/posts\/87311\/revisions\/87313"}],"wp:featuredmedia":[{"embeddable":true,"href":"https:\/\/www.egemtv.com\/index.php?rest_route=\/wp\/v2\/media\/87312"}],"wp:attachment":[{"href":"https:\/\/www.egemtv.com\/index.php?rest_route=%2Fwp%2Fv2%2Fmedia&parent=87311"}],"wp:term":[{"taxonomy":"category","embeddable":true,"href":"https:\/\/www.egemtv.com\/index.php?rest_route=%2Fwp%2Fv2%2Fcategories&post=87311"},{"taxonomy":"post_tag","embeddable":true,"href":"https:\/\/www.egemtv.com\/index.php?rest_route=%2Fwp%2Fv2%2Ftags&post=87311"}],"curies":[{"name":"wp","href":"https:\/\/api.w.org\/{rel}","templated":true}]}}