{"id":87308,"date":"2026-02-12T17:34:43","date_gmt":"2026-02-12T14:34:43","guid":{"rendered":"https:\/\/www.egemtv.com\/?p=87308"},"modified":"2026-02-12T17:34:44","modified_gmt":"2026-02-12T14:34:44","slug":"aydina-kuvvetli-ruzgar-uyarisi","status":"publish","type":"post","link":"https:\/\/www.egemtv.com\/?p=87308","title":{"rendered":"Ayd\u0131n\u2019a kuvvetli r\u00fczgar uyar\u0131s\u0131"},"content":{"rendered":"<p>Ayd\u0131n\u2019da bug\u00fcn gece saatlerinden itibaren r\u00fczgar\u0131n kuvvetli \u015fekilde esece\u011fi uyar\u0131s\u0131 yap\u0131ld\u0131.<br \/>\n<br \/>Meteoroloji\u2019den yap\u0131lan a\u00e7\u0131klamada, &#8220;Yap\u0131lan son de\u011ferlendirmelere g\u00f6re; bu gece saatlerinden itibaren il genelinde g\u00fcney y\u00f6nlerden kuvvetli r\u00fczgar ve ya\u011f\u0131\u015f an\u0131nda yerel f\u0131rt\u0131na (50-<br \/>\n<br \/>70 km\/saat) bekleniyor&#8221; denildi.<br \/><\/p>\n","protected":false},"excerpt":{"rendered":"<p>Ayd\u0131n\u2019da bug\u00fcn gece saatlerinden itibaren r\u00fczgar\u0131n kuvvetli \u015fekilde esece\u011fi uyar\u0131s\u0131 yap\u0131ld\u0131. Meteoroloji\u2019den yap\u0131lan a\u00e7\u0131klamada, &#8220;Yap\u0131lan son de\u011ferlendirmelere g\u00f6re; bu gece saatlerinden itibaren il genelinde g\u00fcney y\u00f6nlerden kuvvetli r\u00fczgar ve ya\u011f\u0131\u015f an\u0131nda yerel f\u0131rt\u0131na (50- 70 km\/saat) bekleniyor&#8221; denildi.<\/p>\n","protected":false},"author":1,"featured_media":87309,"comment_status":"open","ping_status":"open","sticky":false,"template":"","format":"standard","meta":{"_crdt_document":"","footnotes":""},"categories":[1],"tags":[],"class_list":["post-87308","post","type-post","status-publish","format-standard","has-post-thumbnail","hentry","category-guncel"],"_links":{"self":[{"href":"https:\/\/www.egemtv.com\/index.php?rest_route=\/wp\/v2\/posts\/87308","targetHints":{"allow":["GET"]}}],"collection":[{"href":"https:\/\/www.egemtv.com\/index.php?rest_route=\/wp\/v2\/posts"}],"about":[{"href":"https:\/\/www.egemtv.com\/index.php?rest_route=\/wp\/v2\/types\/post"}],"author":[{"embeddable":true,"href":"https:\/\/www.egemtv.com\/index.php?rest_route=\/wp\/v2\/users\/1"}],"replies":[{"embeddable":true,"href":"https:\/\/www.egemtv.com\/index.php?rest_route=%2Fwp%2Fv2%2Fcomments&post=87308"}],"version-history":[{"count":1,"href":"https:\/\/www.egemtv.com\/index.php?rest_route=\/wp\/v2\/posts\/87308\/revisions"}],"predecessor-version":[{"id":87310,"href":"https:\/\/www.egemtv.com\/index.php?rest_route=\/wp\/v2\/posts\/87308\/revisions\/87310"}],"wp:featuredmedia":[{"embeddable":true,"href":"https:\/\/www.egemtv.com\/index.php?rest_route=\/wp\/v2\/media\/87309"}],"wp:attachment":[{"href":"https:\/\/www.egemtv.com\/index.php?rest_route=%2Fwp%2Fv2%2Fmedia&parent=87308"}],"wp:term":[{"taxonomy":"category","embeddable":true,"href":"https:\/\/www.egemtv.com\/index.php?rest_route=%2Fwp%2Fv2%2Fcategories&post=87308"},{"taxonomy":"post_tag","embeddable":true,"href":"https:\/\/www.egemtv.com\/index.php?rest_route=%2Fwp%2Fv2%2Ftags&post=87308"}],"curies":[{"name":"wp","href":"https:\/\/api.w.org\/{rel}","templated":true}]}}