{"id":87305,"date":"2026-02-12T17:14:52","date_gmt":"2026-02-12T14:14:52","guid":{"rendered":"https:\/\/www.egemtv.com\/?p=87305"},"modified":"2026-02-12T17:14:53","modified_gmt":"2026-02-12T14:14:53","slug":"manisanin-ikiz-polisleri-emekliye-ayrildi","status":"publish","type":"post","link":"https:\/\/www.egemtv.com\/?p=87305","title":{"rendered":"Manisa\u2019n\u0131n ikiz polisleri emekliye ayr\u0131ld\u0131"},"content":{"rendered":"<p>Manisa \u0130l Emniyet M\u00fcd\u00fcrl\u00fc\u011f\u00fc b\u00fcnyesinde g\u00f6rev yapan ikiz polis memurlar\u0131 Yusuf ve Emin Kopurlu, 33 y\u0131ll\u0131k meslek hayatlar\u0131n\u0131 noktalayarak emekliye ayr\u0131ld\u0131.<br \/>\n<br \/>Manisa \u0130l Emniyet M\u00fcd\u00fcrl\u00fc\u011f\u00fc Asayi\u015f \u015eube M\u00fcd\u00fcrl\u00fc\u011f\u00fc\u2019ne ba\u011fl\u0131 Motosikletli Polis Timleri (Yunuslar) b\u00fcnyesinde uzun y\u0131llard\u0131r omuz omuza g\u00f6rev yapan 55 ya\u015f\u0131ndaki ikiz karde\u015fler Yusuf ve Emin Kopurlu i\u00e7in emeklilik t\u00f6reni d\u00fczenlendi. Meslek hayatlar\u0131n\u0131n 33 y\u0131l\u0131n\u0131 geride b\u0131rakan ve bu s\u00fcrenin 22 y\u0131l\u0131n\u0131 Manisa sokaklar\u0131nda asayi\u015fi sa\u011flamak i\u00e7in harcayan Kopurlu karde\u015fler, emniyet te\u015fkilat\u0131ndaki g\u00f6revlerini ba\u015far\u0131yla tamamlad\u0131. \u0130kiz polisler i\u00e7in d\u00fczenlenen t\u00f6rende Manisa \u0130l Emniyet M\u00fcd\u00fcr\u00fc Fahri Akta\u015f, \u015fehre sunduklar\u0131 hizmetlerden dolay\u0131 karde\u015flere te\u015fekk\u00fcr ederek plaket takdim etti. Aslen Ayd\u0131nl\u0131 olan ancak g\u00f6rev s\u00fcrelerinin b\u00fcy\u00fck b\u00f6l\u00fcm\u00fcn\u00fc Manisa\u2019da ge\u00e7iren ikizler, sadece mesai arkada\u015flar\u0131 taraf\u0131ndan de\u011fil, Manisal\u0131 vatanda\u015flar taraf\u0131ndan da sevilen simalar haline gelmi\u015fti. Plaket t\u00f6reninin ard\u0131ndan duygusal anlar ya\u015fayan Yusuf ve Emin Kopurlu, y\u0131llard\u0131r birlikte g\u00f6rev yapt\u0131klar\u0131 mesai arkada\u015flar\u0131yla tek tek vedala\u015ft\u0131.<br \/>\n<br \/>1994 y\u0131l\u0131nda \u0130stanbul Emniyet M\u00fcd\u00fcrl\u00fc\u011f\u00fc b\u00fcnyesindeki Yunus timlerinde mesle\u011fe ilk ad\u0131m\u0131 atan Kopurlu karde\u015fler, o g\u00fcnden bu yana bir an bile ayr\u0131lmad\u0131. \u0130stanbul\u2019un ard\u0131ndan Erzurum\u2019da \u015fark g\u00f6revini tamamlayan ve 2004 y\u0131l\u0131nda yollar\u0131 Manisa ile kesi\u015fen ikizler, tam 33 y\u0131l boyunca motosiklet \u00fczerinde vatanda\u015flar\u0131n huzurunu sa\u011flamak i\u00e7in ter d\u00f6kt\u00fc.<br \/><\/p>\n","protected":false},"excerpt":{"rendered":"<p>Manisa \u0130l Emniyet M\u00fcd\u00fcrl\u00fc\u011f\u00fc b\u00fcnyesinde g\u00f6rev yapan ikiz polis memurlar\u0131 Yusuf ve Emin Kopurlu, 33 y\u0131ll\u0131k meslek hayatlar\u0131n\u0131 noktalayarak emekliye ayr\u0131ld\u0131. Manisa \u0130l Emniyet M\u00fcd\u00fcrl\u00fc\u011f\u00fc Asayi\u015f \u015eube M\u00fcd\u00fcrl\u00fc\u011f\u00fc\u2019ne ba\u011fl\u0131 Motosikletli Polis Timleri (Yunuslar) b\u00fcnyesinde uzun y\u0131llard\u0131r omuz omuza g\u00f6rev yapan 55 ya\u015f\u0131ndaki ikiz karde\u015fler Yusuf ve Emin Kopurlu i\u00e7in emeklilik t\u00f6reni d\u00fczenlendi. Meslek hayatlar\u0131n\u0131n 33&#8230;<\/p>\n","protected":false},"author":1,"featured_media":87306,"comment_status":"open","ping_status":"open","sticky":false,"template":"","format":"standard","meta":{"_crdt_document":"","footnotes":""},"categories":[123],"tags":[],"class_list":["post-87305","post","type-post","status-publish","format-standard","has-post-thumbnail","hentry","category-gundem"],"_links":{"self":[{"href":"https:\/\/www.egemtv.com\/index.php?rest_route=\/wp\/v2\/posts\/87305","targetHints":{"allow":["GET"]}}],"collection":[{"href":"https:\/\/www.egemtv.com\/index.php?rest_route=\/wp\/v2\/posts"}],"about":[{"href":"https:\/\/www.egemtv.com\/index.php?rest_route=\/wp\/v2\/types\/post"}],"author":[{"embeddable":true,"href":"https:\/\/www.egemtv.com\/index.php?rest_route=\/wp\/v2\/users\/1"}],"replies":[{"embeddable":true,"href":"https:\/\/www.egemtv.com\/index.php?rest_route=%2Fwp%2Fv2%2Fcomments&post=87305"}],"version-history":[{"count":1,"href":"https:\/\/www.egemtv.com\/index.php?rest_route=\/wp\/v2\/posts\/87305\/revisions"}],"predecessor-version":[{"id":87307,"href":"https:\/\/www.egemtv.com\/index.php?rest_route=\/wp\/v2\/posts\/87305\/revisions\/87307"}],"wp:featuredmedia":[{"embeddable":true,"href":"https:\/\/www.egemtv.com\/index.php?rest_route=\/wp\/v2\/media\/87306"}],"wp:attachment":[{"href":"https:\/\/www.egemtv.com\/index.php?rest_route=%2Fwp%2Fv2%2Fmedia&parent=87305"}],"wp:term":[{"taxonomy":"category","embeddable":true,"href":"https:\/\/www.egemtv.com\/index.php?rest_route=%2Fwp%2Fv2%2Fcategories&post=87305"},{"taxonomy":"post_tag","embeddable":true,"href":"https:\/\/www.egemtv.com\/index.php?rest_route=%2Fwp%2Fv2%2Ftags&post=87305"}],"curies":[{"name":"wp","href":"https:\/\/api.w.org\/{rel}","templated":true}]}}