{"id":87302,"date":"2026-02-12T16:54:42","date_gmt":"2026-02-12T13:54:42","guid":{"rendered":"https:\/\/www.egemtv.com\/?p=87302"},"modified":"2026-02-12T16:54:43","modified_gmt":"2026-02-12T13:54:43","slug":"sokede-yogun-yagis-nedeniyle-belediye-ekipleri-teyakkuzda","status":"publish","type":"post","link":"https:\/\/www.egemtv.com\/?p=87302","title":{"rendered":"S\u00f6ke\u2019de yo\u011fun ya\u011f\u0131\u015f nedeniyle belediye ekipleri teyakkuzda"},"content":{"rendered":"<p>S\u00f6ke, son y\u0131llar\u0131n en yo\u011fun ya\u011f\u0131\u015flar\u0131ndan birini ya\u015famaya devam ediyor. \u0130l\u00e7e genelinde etkili olan sa\u011fanak ya\u011f\u0131\u015f nedeniyle S\u00f6ke Belediyesi t\u00fcm birimleriyle sahada \u00e7al\u0131\u015fmalar\u0131n\u0131 s\u00fcrd\u00fcr\u00fcyor.<\/p>\n<p>Belediye ekipleri, olu\u015fabilecek su bask\u0131n\u0131 ve olumsuzluklara kar\u015f\u0131 7\/24 teyakkuz halinde g\u00f6rev yaparken, \u0130leti\u015fim Merkezi\u2019ne gelen ihbarlara da h\u0131zl\u0131 \u015fekilde m\u00fcdahale ediliyor. \u00d6zellikle riskli b\u00f6lgelerde kontroller art\u0131r\u0131l\u0131rken, su tahliye ve \u00e7e\u015fitli b\u00f6lgelerde toplanan \u00e7amur ve r\u00fcsubat temizleme \u00e7al\u0131\u015fmalar\u0131 aral\u0131ks\u0131z devam ediyor.<\/p>\n<p>S\u00f6ke Belediyesi\u2019nden yap\u0131lan a\u00e7\u0131klamada, vatanda\u015flar\u0131n ma\u011fduriyet ya\u015famamas\u0131 i\u00e7in ekiplerin koordineli bir \u015fekilde \u00e7al\u0131\u015fmalar\u0131n\u0131 s\u00fcrd\u00fcrd\u00fc\u011f\u00fc belirtilerek, yurtta\u015flardan da dikkatli ve tedbirli olmalar\u0131 istendi.<\/p>\n<p>S\u00f6ke Belediye Ba\u015fkan Vekili \u015eakir G\u00fclmez beraberinde ba\u015fkan yard\u0131mc\u0131lar\u0131 Murat G\u00fcnal ve Necmettin Aka, Fen \u0130\u015fleri M\u00fcd\u00fcr\u00fc Ayg\u00fcn Ke\u00e7eci ile \u00e7al\u0131\u015fmalar\u0131 sahada yerinde inceledi.<\/p>\n<p>Su bask\u0131n\u0131, ula\u015f\u0131mda aksama ve benzeri durumlarda vatanda\u015flar\u0131n belediyenin ileti\u015fim kanallar\u0131 \u00fczerinden ihbarda bulunabileceklerini hat\u0131rlat\u0131ld\u0131.<br \/><\/p>\n","protected":false},"excerpt":{"rendered":"<p>S\u00f6ke, son y\u0131llar\u0131n en yo\u011fun ya\u011f\u0131\u015flar\u0131ndan birini ya\u015famaya devam ediyor. \u0130l\u00e7e genelinde etkili olan sa\u011fanak ya\u011f\u0131\u015f nedeniyle S\u00f6ke Belediyesi t\u00fcm birimleriyle sahada \u00e7al\u0131\u015fmalar\u0131n\u0131 s\u00fcrd\u00fcr\u00fcyor. Belediye ekipleri, olu\u015fabilecek su bask\u0131n\u0131 ve olumsuzluklara kar\u015f\u0131 7\/24 teyakkuz halinde g\u00f6rev yaparken, \u0130leti\u015fim Merkezi\u2019ne gelen ihbarlara da h\u0131zl\u0131 \u015fekilde m\u00fcdahale ediliyor. \u00d6zellikle riskli b\u00f6lgelerde kontroller art\u0131r\u0131l\u0131rken, su tahliye ve \u00e7e\u015fitli&#8230;<\/p>\n","protected":false},"author":1,"featured_media":87303,"comment_status":"open","ping_status":"open","sticky":false,"template":"","format":"standard","meta":{"_crdt_document":"","footnotes":""},"categories":[1],"tags":[],"class_list":["post-87302","post","type-post","status-publish","format-standard","has-post-thumbnail","hentry","category-guncel"],"_links":{"self":[{"href":"https:\/\/www.egemtv.com\/index.php?rest_route=\/wp\/v2\/posts\/87302","targetHints":{"allow":["GET"]}}],"collection":[{"href":"https:\/\/www.egemtv.com\/index.php?rest_route=\/wp\/v2\/posts"}],"about":[{"href":"https:\/\/www.egemtv.com\/index.php?rest_route=\/wp\/v2\/types\/post"}],"author":[{"embeddable":true,"href":"https:\/\/www.egemtv.com\/index.php?rest_route=\/wp\/v2\/users\/1"}],"replies":[{"embeddable":true,"href":"https:\/\/www.egemtv.com\/index.php?rest_route=%2Fwp%2Fv2%2Fcomments&post=87302"}],"version-history":[{"count":1,"href":"https:\/\/www.egemtv.com\/index.php?rest_route=\/wp\/v2\/posts\/87302\/revisions"}],"predecessor-version":[{"id":87304,"href":"https:\/\/www.egemtv.com\/index.php?rest_route=\/wp\/v2\/posts\/87302\/revisions\/87304"}],"wp:featuredmedia":[{"embeddable":true,"href":"https:\/\/www.egemtv.com\/index.php?rest_route=\/wp\/v2\/media\/87303"}],"wp:attachment":[{"href":"https:\/\/www.egemtv.com\/index.php?rest_route=%2Fwp%2Fv2%2Fmedia&parent=87302"}],"wp:term":[{"taxonomy":"category","embeddable":true,"href":"https:\/\/www.egemtv.com\/index.php?rest_route=%2Fwp%2Fv2%2Fcategories&post=87302"},{"taxonomy":"post_tag","embeddable":true,"href":"https:\/\/www.egemtv.com\/index.php?rest_route=%2Fwp%2Fv2%2Ftags&post=87302"}],"curies":[{"name":"wp","href":"https:\/\/api.w.org\/{rel}","templated":true}]}}