{"id":87299,"date":"2026-02-12T16:34:43","date_gmt":"2026-02-12T13:34:43","guid":{"rendered":"https:\/\/www.egemtv.com\/?p=87299"},"modified":"2026-02-12T16:34:44","modified_gmt":"2026-02-12T13:34:44","slug":"denizlide-kamu-kurumlarinin-calismalari-masaya-yatirildi","status":"publish","type":"post","link":"https:\/\/www.egemtv.com\/?p=87299","title":{"rendered":"Denizli\u2019de kamu kurumlar\u0131n\u0131n \u00e7al\u0131\u015fmalar\u0131 masaya yat\u0131r\u0131ld\u0131"},"content":{"rendered":"<p>Denizli Valisi Yavuz Selim K\u00f6\u015fger b\u00f6lge ve il m\u00fcd\u00fcrleriyle ger\u00e7ekle\u015ftirdi\u011fi toplant\u0131da kamu hizmetlerinde disiplin, mevzuata uygunluk, mesaiye riayet ve vatanda\u015f memnuniyeti konular\u0131 ele al\u0131n\u0131rken, Ramazan ay\u0131 \u00f6ncesi denetimlerin art\u0131r\u0131lmas\u0131 talimat\u0131 verildi.<br \/>\n<br \/>Denizli Valisi Yavuz Selim K\u00f6\u015fger ba\u015fkanl\u0131\u011f\u0131nda, Denizli\u2019de merkezi bulunan b\u00f6lge m\u00fcd\u00fcrleri ve il m\u00fcd\u00fcrlerinin kat\u0131l\u0131m\u0131yla Valilik Makam Toplant\u0131 Salonu\u2019nda kapsaml\u0131 bir de\u011ferlendirme toplant\u0131s\u0131 ger\u00e7ekle\u015ftirildi. Toplant\u0131da kamu kurum ve kurulu\u015flar\u0131n\u0131n y\u00fcr\u00fctt\u00fc\u011f\u00fc faaliyetlerde mevzuata uygunluk, kurumsal disiplin ve hizmet standartlar\u0131n\u0131n esas al\u0131nmas\u0131n\u0131n \u00f6nemi vurguland\u0131. Vali K\u00f6\u015fger, kamu hizmetlerinin vatanda\u015f odakl\u0131 bir anlay\u0131\u015fla y\u00fcr\u00fct\u00fclmesi gerekti\u011fini belirterek, &#8220;Devletimizin temsilcisi, milletimizin hizmetindeyiz; \u00e7al\u0131\u015fmalar\u0131m\u0131z bu do\u011frultuda olmal\u0131&#8221; ifadelerini kulland\u0131. Vatanda\u015flara sunulan hizmetlerin zaman\u0131nda ve etkin \u015fekilde sonu\u00e7land\u0131r\u0131lmas\u0131n\u0131n \u00f6nemine dikkat \u00e7eken Vali K\u00f6\u015fger, personelin mesai saatlerine azami hassasiyet g\u00f6stermesi gerekti\u011fini vurgulad\u0131. Devlet memurlar\u0131n\u0131n g\u00f6rev saatleri i\u00e7erisinde i\u015flerinin ba\u015f\u0131nda bulunmalar\u0131n\u0131n \u00f6nemine de\u011finen Vali K\u00f6\u015fger, vatanda\u015flar\u0131n kamu dairelerinde i\u015flerini aksatmadan y\u00fcr\u00fctebilmesi gerekti\u011fini ifade etti.<br \/>\n<br \/>Toplant\u0131da ayr\u0131ca y\u0131ll\u0131k izinlerin planl\u0131 \u015fekilde kullan\u0131lmas\u0131, kurumsal i\u015fleyi\u015fte yukar\u0131dan a\u015fa\u011f\u0131ya yap\u0131lan planlamalara riayet edilmesi ve personel g\u00f6revlendirmelerinde hakkaniyet ile mevzuata uygunlu\u011fun esas al\u0131nmas\u0131 gerekti\u011fi belirtildi. Kamu g\u00f6revlerinde makamlar\u0131n ge\u00e7ici oldu\u011funu hat\u0131rlatan Vali K\u00f6\u015fger, her kademedeki y\u00f6netici ve personelin sorumluluk bilinciyle hareket etmesi gerekti\u011fini kaydetti.<br \/>\n<br \/>Yakla\u015fan Ramazan ay\u0131 dolay\u0131s\u0131yla Ticaret \u0130l M\u00fcd\u00fcrl\u00fc\u011f\u00fc ile Tar\u0131m ve Orman \u0130l M\u00fcd\u00fcrl\u00fc\u011f\u00fc\u2019n\u00fcn g\u0131da ve et denetimlerini yo\u011funla\u015ft\u0131rmas\u0131 y\u00f6n\u00fcnde talimat veren Vali K\u00f6\u015fger, kurumlar aras\u0131 i\u015f birli\u011finin g\u00fc\u00e7lendirilmesi ve sorunlar\u0131n \u00e7\u00f6z\u00fcm odakl\u0131 bir yakla\u015f\u0131mla ele al\u0131nmas\u0131n\u0131n \u00f6nemine dikkat \u00e7ekti. Toplant\u0131, il m\u00fcd\u00fcrlerinin devam eden \u00e7al\u0131\u015fmalar hakk\u0131nda bilgi vermesi ve kar\u015f\u0131l\u0131kl\u0131 g\u00f6r\u00fc\u015f al\u0131\u015fveri\u015finde bulunulmas\u0131n\u0131n ard\u0131ndan sona erdi.<br \/><\/p>\n","protected":false},"excerpt":{"rendered":"<p>Denizli Valisi Yavuz Selim K\u00f6\u015fger b\u00f6lge ve il m\u00fcd\u00fcrleriyle ger\u00e7ekle\u015ftirdi\u011fi toplant\u0131da kamu hizmetlerinde disiplin, mevzuata uygunluk, mesaiye riayet ve vatanda\u015f memnuniyeti konular\u0131 ele al\u0131n\u0131rken, Ramazan ay\u0131 \u00f6ncesi denetimlerin art\u0131r\u0131lmas\u0131 talimat\u0131 verildi. Denizli Valisi Yavuz Selim K\u00f6\u015fger ba\u015fkanl\u0131\u011f\u0131nda, Denizli\u2019de merkezi bulunan b\u00f6lge m\u00fcd\u00fcrleri ve il m\u00fcd\u00fcrlerinin kat\u0131l\u0131m\u0131yla Valilik Makam Toplant\u0131 Salonu\u2019nda kapsaml\u0131 bir de\u011ferlendirme toplant\u0131s\u0131 ger\u00e7ekle\u015ftirildi&#8230;.<\/p>\n","protected":false},"author":1,"featured_media":87300,"comment_status":"open","ping_status":"open","sticky":false,"template":"","format":"standard","meta":{"_crdt_document":"","footnotes":""},"categories":[127],"tags":[],"class_list":["post-87299","post","type-post","status-publish","format-standard","has-post-thumbnail","hentry","category-siyaset"],"_links":{"self":[{"href":"https:\/\/www.egemtv.com\/index.php?rest_route=\/wp\/v2\/posts\/87299","targetHints":{"allow":["GET"]}}],"collection":[{"href":"https:\/\/www.egemtv.com\/index.php?rest_route=\/wp\/v2\/posts"}],"about":[{"href":"https:\/\/www.egemtv.com\/index.php?rest_route=\/wp\/v2\/types\/post"}],"author":[{"embeddable":true,"href":"https:\/\/www.egemtv.com\/index.php?rest_route=\/wp\/v2\/users\/1"}],"replies":[{"embeddable":true,"href":"https:\/\/www.egemtv.com\/index.php?rest_route=%2Fwp%2Fv2%2Fcomments&post=87299"}],"version-history":[{"count":1,"href":"https:\/\/www.egemtv.com\/index.php?rest_route=\/wp\/v2\/posts\/87299\/revisions"}],"predecessor-version":[{"id":87301,"href":"https:\/\/www.egemtv.com\/index.php?rest_route=\/wp\/v2\/posts\/87299\/revisions\/87301"}],"wp:featuredmedia":[{"embeddable":true,"href":"https:\/\/www.egemtv.com\/index.php?rest_route=\/wp\/v2\/media\/87300"}],"wp:attachment":[{"href":"https:\/\/www.egemtv.com\/index.php?rest_route=%2Fwp%2Fv2%2Fmedia&parent=87299"}],"wp:term":[{"taxonomy":"category","embeddable":true,"href":"https:\/\/www.egemtv.com\/index.php?rest_route=%2Fwp%2Fv2%2Fcategories&post=87299"},{"taxonomy":"post_tag","embeddable":true,"href":"https:\/\/www.egemtv.com\/index.php?rest_route=%2Fwp%2Fv2%2Ftags&post=87299"}],"curies":[{"name":"wp","href":"https:\/\/api.w.org\/{rel}","templated":true}]}}