{"id":87296,"date":"2026-02-12T16:34:42","date_gmt":"2026-02-12T13:34:42","guid":{"rendered":"https:\/\/www.egemtv.com\/?p=87296"},"modified":"2026-02-12T16:34:43","modified_gmt":"2026-02-12T13:34:43","slug":"denizli-icin-kuvvetli-ruzgar-ve-firtina-uyarisi","status":"publish","type":"post","link":"https:\/\/www.egemtv.com\/?p=87296","title":{"rendered":"Denizli i\u00e7in kuvvetli r\u00fczgar ve f\u0131rt\u0131na uyar\u0131s\u0131"},"content":{"rendered":"<p>Meteoroloji, Denizli\u2019de g\u00fcney y\u00f6nlerden 50-70 kilometre\/saat h\u0131z\u0131nda kuvvetli r\u00fczgar ve f\u0131rt\u0131na beklendi\u011fini belirterek vatanda\u015flar\u0131 olumsuzluklara kar\u015f\u0131 dikkatli olmalar\u0131 konusunda uyard\u0131.<br \/>\n<br \/>Meteoroloji Genel M\u00fcd\u00fcrl\u00fc\u011f\u00fc taraf\u0131ndan Denizli i\u00e7in kuvvetli r\u00fczgar ve f\u0131rt\u0131na uyar\u0131s\u0131 yap\u0131ld\u0131. Yap\u0131lan de\u011ferlendirmelere g\u00f6re, 13 \u015eubat 2026 Cuma g\u00fcn\u00fc saat 00.00\u2019dan itibaren g\u00fcney y\u00f6nlerden 50-70 kilometre\/saat h\u0131z\u0131nda kuvvetli r\u00fczgar ve k\u0131sa s\u00fcreli f\u0131rt\u0131na bekleniyor. Uyar\u0131n\u0131n ayn\u0131 g\u00fcn saat 15.00\u2019e kadar ge\u00e7erli olaca\u011f\u0131 bildirildi. Yetkililer, kuvvetli r\u00fczgar nedeniyle ula\u015f\u0131mda aksamalar, \u00e7at\u0131 u\u00e7mas\u0131, a\u011fa\u00e7 ve direklerin devrilmesi ile soba ve do\u011falgaz kaynakl\u0131 zehirlenmeler gibi olumsuzluklara kar\u015f\u0131 vatanda\u015flar\u0131n dikkatli ve tedbirli olmalar\u0131 gerekti\u011fini kaydetti.<br \/><\/p>\n","protected":false},"excerpt":{"rendered":"<p>Meteoroloji, Denizli\u2019de g\u00fcney y\u00f6nlerden 50-70 kilometre\/saat h\u0131z\u0131nda kuvvetli r\u00fczgar ve f\u0131rt\u0131na beklendi\u011fini belirterek vatanda\u015flar\u0131 olumsuzluklara kar\u015f\u0131 dikkatli olmalar\u0131 konusunda uyard\u0131. Meteoroloji Genel M\u00fcd\u00fcrl\u00fc\u011f\u00fc taraf\u0131ndan Denizli i\u00e7in kuvvetli r\u00fczgar ve f\u0131rt\u0131na uyar\u0131s\u0131 yap\u0131ld\u0131. Yap\u0131lan de\u011ferlendirmelere g\u00f6re, 13 \u015eubat 2026 Cuma g\u00fcn\u00fc saat 00.00\u2019dan itibaren g\u00fcney y\u00f6nlerden 50-70 kilometre\/saat h\u0131z\u0131nda kuvvetli r\u00fczgar ve k\u0131sa s\u00fcreli f\u0131rt\u0131na bekleniyor&#8230;.<\/p>\n","protected":false},"author":1,"featured_media":87297,"comment_status":"open","ping_status":"open","sticky":false,"template":"","format":"standard","meta":{"_crdt_document":"","footnotes":""},"categories":[1],"tags":[],"class_list":["post-87296","post","type-post","status-publish","format-standard","has-post-thumbnail","hentry","category-guncel"],"_links":{"self":[{"href":"https:\/\/www.egemtv.com\/index.php?rest_route=\/wp\/v2\/posts\/87296","targetHints":{"allow":["GET"]}}],"collection":[{"href":"https:\/\/www.egemtv.com\/index.php?rest_route=\/wp\/v2\/posts"}],"about":[{"href":"https:\/\/www.egemtv.com\/index.php?rest_route=\/wp\/v2\/types\/post"}],"author":[{"embeddable":true,"href":"https:\/\/www.egemtv.com\/index.php?rest_route=\/wp\/v2\/users\/1"}],"replies":[{"embeddable":true,"href":"https:\/\/www.egemtv.com\/index.php?rest_route=%2Fwp%2Fv2%2Fcomments&post=87296"}],"version-history":[{"count":1,"href":"https:\/\/www.egemtv.com\/index.php?rest_route=\/wp\/v2\/posts\/87296\/revisions"}],"predecessor-version":[{"id":87298,"href":"https:\/\/www.egemtv.com\/index.php?rest_route=\/wp\/v2\/posts\/87296\/revisions\/87298"}],"wp:featuredmedia":[{"embeddable":true,"href":"https:\/\/www.egemtv.com\/index.php?rest_route=\/wp\/v2\/media\/87297"}],"wp:attachment":[{"href":"https:\/\/www.egemtv.com\/index.php?rest_route=%2Fwp%2Fv2%2Fmedia&parent=87296"}],"wp:term":[{"taxonomy":"category","embeddable":true,"href":"https:\/\/www.egemtv.com\/index.php?rest_route=%2Fwp%2Fv2%2Fcategories&post=87296"},{"taxonomy":"post_tag","embeddable":true,"href":"https:\/\/www.egemtv.com\/index.php?rest_route=%2Fwp%2Fv2%2Ftags&post=87296"}],"curies":[{"name":"wp","href":"https:\/\/api.w.org\/{rel}","templated":true}]}}