{"id":87044,"date":"2026-02-11T16:14:52","date_gmt":"2026-02-11T13:14:52","guid":{"rendered":"https:\/\/www.egemtv.com\/?p=87044"},"modified":"2026-02-11T16:14:52","modified_gmt":"2026-02-11T13:14:52","slug":"aydinda-34-yil-10-ay-hapis-cezasi-olan-hukumlu-yakalandi","status":"publish","type":"post","link":"https:\/\/www.egemtv.com\/?p=87044","title":{"rendered":"Ayd\u0131n\u2019da 34 y\u0131l 10 ay hapis cezas\u0131 olan h\u00fck\u00fcml\u00fc yakaland\u0131"},"content":{"rendered":"<p>Ayd\u0131n\u2019da hakk\u0131nda 34 y\u0131l 10 ay kesinle\u015fmi\u015f hapis cezas\u0131 bulunan firari \u015fah\u0131s, polis ekiplerinin operasyonu sonucu yakalanarak cezaevine teslim edildi.<\/p>\n<p>Ayd\u0131n \u0130l Emniyet M\u00fcd\u00fcrl\u00fc\u011f\u00fc Asayi\u015f \u015eube M\u00fcd\u00fcrl\u00fc\u011f\u00fc Aranan \u015eah\u0131slar B\u00fcro Amirli\u011fi ekipleri aranan \u015fah\u0131slar\u0131n yakalanmas\u0131na y\u00f6nelik \u00e7al\u0131\u015fmalar\u0131n\u0131 aral\u0131ks\u0131z s\u00fcrd\u00fcr\u00fcyor. Edinilen bilgiye g\u00f6re, Hasan Efendi-Ramazan Pa\u015fa Mahallesi\u2019nde d\u00fczenlenen operasyonda \u2019bina i\u00e7inde muhafaza alt\u0131na al\u0131nm\u0131\u015f e\u015fya hakk\u0131nda h\u0131rs\u0131zl\u0131k\u2019 su\u00e7undan 34 y\u0131l 10 ay kesinle\u015fmi\u015f hapis cezas\u0131 ile aranan F.K. isimli \u015fah\u0131s k\u0131sk\u0131vrak yakaland\u0131. G\u00f6zalt\u0131na al\u0131nan \u015fah\u0131s, emniyetteki i\u015flemlerinin ard\u0131ndan cezaevine teslim edildi.<br \/><\/p>\n","protected":false},"excerpt":{"rendered":"<p>Ayd\u0131n\u2019da hakk\u0131nda 34 y\u0131l 10 ay kesinle\u015fmi\u015f hapis cezas\u0131 bulunan firari \u015fah\u0131s, polis ekiplerinin operasyonu sonucu yakalanarak cezaevine teslim edildi. Ayd\u0131n \u0130l Emniyet M\u00fcd\u00fcrl\u00fc\u011f\u00fc Asayi\u015f \u015eube M\u00fcd\u00fcrl\u00fc\u011f\u00fc Aranan \u015eah\u0131slar B\u00fcro Amirli\u011fi ekipleri aranan \u015fah\u0131slar\u0131n yakalanmas\u0131na y\u00f6nelik \u00e7al\u0131\u015fmalar\u0131n\u0131 aral\u0131ks\u0131z s\u00fcrd\u00fcr\u00fcyor. Edinilen bilgiye g\u00f6re, Hasan Efendi-Ramazan Pa\u015fa Mahallesi\u2019nde d\u00fczenlenen operasyonda \u2019bina i\u00e7inde muhafaza alt\u0131na al\u0131nm\u0131\u015f e\u015fya hakk\u0131nda&#8230;<\/p>\n","protected":false},"author":1,"featured_media":87045,"comment_status":"open","ping_status":"open","sticky":false,"template":"","format":"standard","meta":{"_crdt_document":"","footnotes":""},"categories":[5],"tags":[],"class_list":["post-87044","post","type-post","status-publish","format-standard","has-post-thumbnail","hentry","category-asayis"],"_links":{"self":[{"href":"https:\/\/www.egemtv.com\/index.php?rest_route=\/wp\/v2\/posts\/87044","targetHints":{"allow":["GET"]}}],"collection":[{"href":"https:\/\/www.egemtv.com\/index.php?rest_route=\/wp\/v2\/posts"}],"about":[{"href":"https:\/\/www.egemtv.com\/index.php?rest_route=\/wp\/v2\/types\/post"}],"author":[{"embeddable":true,"href":"https:\/\/www.egemtv.com\/index.php?rest_route=\/wp\/v2\/users\/1"}],"replies":[{"embeddable":true,"href":"https:\/\/www.egemtv.com\/index.php?rest_route=%2Fwp%2Fv2%2Fcomments&post=87044"}],"version-history":[{"count":1,"href":"https:\/\/www.egemtv.com\/index.php?rest_route=\/wp\/v2\/posts\/87044\/revisions"}],"predecessor-version":[{"id":87046,"href":"https:\/\/www.egemtv.com\/index.php?rest_route=\/wp\/v2\/posts\/87044\/revisions\/87046"}],"wp:featuredmedia":[{"embeddable":true,"href":"https:\/\/www.egemtv.com\/index.php?rest_route=\/wp\/v2\/media\/87045"}],"wp:attachment":[{"href":"https:\/\/www.egemtv.com\/index.php?rest_route=%2Fwp%2Fv2%2Fmedia&parent=87044"}],"wp:term":[{"taxonomy":"category","embeddable":true,"href":"https:\/\/www.egemtv.com\/index.php?rest_route=%2Fwp%2Fv2%2Fcategories&post=87044"},{"taxonomy":"post_tag","embeddable":true,"href":"https:\/\/www.egemtv.com\/index.php?rest_route=%2Fwp%2Fv2%2Ftags&post=87044"}],"curies":[{"name":"wp","href":"https:\/\/api.w.org\/{rel}","templated":true}]}}