{"id":87023,"date":"2026-02-11T15:54:37","date_gmt":"2026-02-11T12:54:37","guid":{"rendered":"https:\/\/www.egemtv.com\/?p=87023"},"modified":"2026-02-11T15:54:38","modified_gmt":"2026-02-11T12:54:38","slug":"kutahyasporun-60-yil-albumu-yoneticilere-takdim-edildi","status":"publish","type":"post","link":"https:\/\/www.egemtv.com\/?p=87023","title":{"rendered":"K\u00fctahyaspor\u2019un 60. y\u0131l alb\u00fcm\u00fc y\u00f6neticilere takdim edildi"},"content":{"rendered":"<p>K\u00fctahya Belediye Ba\u015fkan\u0131 Ey\u00fcp Kahveci, K\u00fclt\u00fcr ve Turizm Bakanl\u0131\u011f\u0131 sanat\u00e7\u0131s\u0131 ve m\u00fczik \u00f6\u011fretmeni \u00d6nc\u00fcl G\u00fcnyeli ile emekli Maarif M\u00fcfetti\u015fi Ahmet G\u00fcnyeli\u2019yi belediyede a\u011f\u0131rlad\u0131klar\u0131n\u0131 belirterek, \u015fehrin k\u00fclt\u00fcr, sanat ve spor hayat\u0131na y\u00f6nelik de\u011ferlendirmelerde bulunduklar\u0131n\u0131 a\u00e7\u0131klad\u0131.<br \/>\n<br \/>Ba\u015fkan Kahveci a\u00e7\u0131klamas\u0131nda, &#8220;\u015eehrimizin k\u00fclt\u00fcr ve sanat hayat\u0131 ile Say\u0131n G\u00fcnyeli\u2019nin K\u00fctahyaspor\u2019umuz i\u00e7in bestelemi\u015f oldu\u011fu k\u0131ymetli eser \u00fczerine de\u011ferlendirmelerde bulunarak, \u015fehrimizin spor ve sanat alan\u0131ndaki ortak de\u011ferlerinin g\u00fc\u00e7lendirilmesi konusunda fikir al\u0131\u015fveri\u015fi ger\u00e7ekle\u015ftirdik. Sunduklar\u0131 k\u0131ymetli katk\u0131lar ve nazik ziyaretleri i\u00e7in kendilerine te\u015fekk\u00fcr ediyorum&#8221; ifadelerini kulland\u0131.<br \/>\n<br \/>K\u00fctahyaspor Kul\u00fcb\u00fc\u2019n\u00fcn 60. y\u0131l\u0131 dolay\u0131s\u0131yla, m\u00fczik \u00f6\u011fretmeni \u00d6nc\u00fcl G\u00fcnyeli taraf\u0131ndan haz\u0131rlanan ve K\u00fctahyaspor tarihindeki ilk alb\u00fcm olma \u00f6zelli\u011fini ta\u015f\u0131yan \u00e7al\u0131\u015fma, K\u00fctahya\u2019da g\u00f6rev yapan ve kente katk\u0131lar\u0131yla \u00f6ne \u00e7\u0131kan y\u00f6neticilere de takdim edildi.  Bu kapsamda alb\u00fcm, K\u00fctahya Belediye Ba\u015fkan Yard\u0131mc\u0131s\u0131 Ejderhan Gezer\u2019e de sunuldu.<br \/>\n<br \/>Ziyaretler kapsam\u0131nda ayr\u0131ca K\u00fctahya \u0130l K\u00fclt\u00fcr ve Turizm M\u00fcd\u00fcr\u00fc Zekeriya \u00dcnal ile uzun y\u0131llar \u00e7e\u015fitli g\u00f6revlerde bulunan ve k\u0131sa s\u00fcre \u00f6nce Belediye K\u00fclt\u00fcr ve Sosyal \u0130\u015fler M\u00fcd\u00fcr\u00fc olarak g\u00f6reve ba\u015flayan Ali Y\u0131lmaz ziyaret edilerek, K\u00fctahyaspor\u2019un 60. y\u0131l alb\u00fcm\u00fc kendilerine takdim edildi. Ziyarette her iki isme de yeni g\u00f6revlerinde ba\u015far\u0131 dilekleri iletildi.<br \/>\n<br \/>K\u00fctahyaspor heyeti, y\u00f6neticilerin kul\u00fcbe ve K\u00fctahya\u2019ya g\u00f6sterdikleri yak\u0131n ilgi ve destekten dolay\u0131 te\u015fekk\u00fcr etti.<br \/>\n<br \/>\u00d6te yandan, uzun y\u0131llard\u0131r K\u00fctahya\u2019da g\u00f6rev yapan ve kente hizmetleriyle tan\u0131nan T\u00fcrkiye \u0130\u015f Kurumu (\u0130\u015eKUR) K\u00fctahya \u0130l M\u00fcd\u00fcr\u00fc Erdo\u011fan \u015eahin de ziyaret edilerek, kul\u00fcb\u00fcn 60. y\u0131l\u0131 an\u0131s\u0131na haz\u0131rlanan ve K\u00fctahyaspor tarihindeki ilk alb\u00fcm olma \u00f6zelli\u011fini ta\u015f\u0131yan \u00e7al\u0131\u015fma kendisine takdim edildi.<br \/>\n<br \/>Ziyaretlerde, do\u011fum yerleri farkl\u0131 olsa da sevgiyle ba\u011fland\u0131klar\u0131 ve hizmet ettikleri \u015fehirlerin insan\u0131 haline gelen y\u00f6neticilerin, K\u00fctahya\u2019n\u0131n ger\u00e7ek birer hem\u015fehrisi oldu\u011fu vurguland\u0131. Ayr\u0131ca haz\u0131rlanan alb\u00fcm, \u0130HA K\u00fctahya muhabiri H\u00fcseyin Efe\u2019ye, alb\u00fcm\u00fcn haz\u0131rlay\u0131c\u0131s\u0131 \u00d6nc\u00fcl G\u00fcnyeli taraf\u0131ndan takdim edildi.<br \/><\/p>\n","protected":false},"excerpt":{"rendered":"<p>K\u00fctahya Belediye Ba\u015fkan\u0131 Ey\u00fcp Kahveci, K\u00fclt\u00fcr ve Turizm Bakanl\u0131\u011f\u0131 sanat\u00e7\u0131s\u0131 ve m\u00fczik \u00f6\u011fretmeni \u00d6nc\u00fcl G\u00fcnyeli ile emekli Maarif M\u00fcfetti\u015fi Ahmet G\u00fcnyeli\u2019yi belediyede a\u011f\u0131rlad\u0131klar\u0131n\u0131 belirterek, \u015fehrin k\u00fclt\u00fcr, sanat ve spor hayat\u0131na y\u00f6nelik de\u011ferlendirmelerde bulunduklar\u0131n\u0131 a\u00e7\u0131klad\u0131. Ba\u015fkan Kahveci a\u00e7\u0131klamas\u0131nda, &#8220;\u015eehrimizin k\u00fclt\u00fcr ve sanat hayat\u0131 ile Say\u0131n G\u00fcnyeli\u2019nin K\u00fctahyaspor\u2019umuz i\u00e7in bestelemi\u015f oldu\u011fu k\u0131ymetli eser \u00fczerine de\u011ferlendirmelerde bulunarak, \u015fehrimizin&#8230;<\/p>\n","protected":false},"author":1,"featured_media":87024,"comment_status":"open","ping_status":"open","sticky":false,"template":"","format":"standard","meta":{"_crdt_document":"","footnotes":""},"categories":[4],"tags":[],"class_list":["post-87023","post","type-post","status-publish","format-standard","has-post-thumbnail","hentry","category-spor"],"_links":{"self":[{"href":"https:\/\/www.egemtv.com\/index.php?rest_route=\/wp\/v2\/posts\/87023","targetHints":{"allow":["GET"]}}],"collection":[{"href":"https:\/\/www.egemtv.com\/index.php?rest_route=\/wp\/v2\/posts"}],"about":[{"href":"https:\/\/www.egemtv.com\/index.php?rest_route=\/wp\/v2\/types\/post"}],"author":[{"embeddable":true,"href":"https:\/\/www.egemtv.com\/index.php?rest_route=\/wp\/v2\/users\/1"}],"replies":[{"embeddable":true,"href":"https:\/\/www.egemtv.com\/index.php?rest_route=%2Fwp%2Fv2%2Fcomments&post=87023"}],"version-history":[{"count":1,"href":"https:\/\/www.egemtv.com\/index.php?rest_route=\/wp\/v2\/posts\/87023\/revisions"}],"predecessor-version":[{"id":87025,"href":"https:\/\/www.egemtv.com\/index.php?rest_route=\/wp\/v2\/posts\/87023\/revisions\/87025"}],"wp:featuredmedia":[{"embeddable":true,"href":"https:\/\/www.egemtv.com\/index.php?rest_route=\/wp\/v2\/media\/87024"}],"wp:attachment":[{"href":"https:\/\/www.egemtv.com\/index.php?rest_route=%2Fwp%2Fv2%2Fmedia&parent=87023"}],"wp:term":[{"taxonomy":"category","embeddable":true,"href":"https:\/\/www.egemtv.com\/index.php?rest_route=%2Fwp%2Fv2%2Fcategories&post=87023"},{"taxonomy":"post_tag","embeddable":true,"href":"https:\/\/www.egemtv.com\/index.php?rest_route=%2Fwp%2Fv2%2Ftags&post=87023"}],"curies":[{"name":"wp","href":"https:\/\/api.w.org\/{rel}","templated":true}]}}